{"id":35,"__str__":"Lei Municipal n\u00ba 1.602, de 22 de mar\u00e7o de 2019","link_detail_backend":"/norma/35","metadata":{},"texto_integral":"http://sapl.saofranciscodoguapore.ro.leg.br/media/sapl/public/normajuridica/2019/35/lei_municipal_n.1602-2019.pdf","numero":"1602","ano":2019,"esfera_federacao":"M","data":"2019-03-22","data_publicacao":"2019-03-22","veiculo_publicacao":"","pagina_inicio_publicacao":1,"pagina_fim_publicacao":1,"ementa":"\"Disp\u00f5e sobre inclus\u00e3o e altera\u00e7\u00f5es no PPA, LDO e LOA, e Autoriza o PE a abrir cr\u00e9dito adicional suplementar por anula\u00e7\u00e3o parcial de dota\u00e7\u00e3o at\u00e9 o montante de R$ 109.111,34, em favor da unidade or\u00e7amentaria do Instituto Municipal de Previd\u00eancia dos Servidores, no or\u00e7amento vigente, e da outras provid\u00eancias\u201d;","indexacao":"","observacao":"A PREFEITA DO MUNIC\u00cdPIO DE S\u00c3O FRANCISCO DO GUAPOR\u00c9, ESTADO DE ROND\u00d4NIA, no uso de suas atribui\u00e7\u00f5es legais conferidas pela Lei Org\u00e2nica do Munic\u00edpio, Faz saber que a C\u00c2MARA MUNICIPAL APROVOU e ELA SANCIONA a seguinte Lei Municipal n\u00ba 1.602/2019:\r\n\r\nArt. 1\u00ba - Fica Autorizado o poder executivo a fazer Inclus\u00e3o e Altera\u00e7\u00e3o no PPA, LDO e LOA, pela abertura do Cr\u00e9dito Adicional Suplementar por Anula\u00e7\u00e3o Parcial da Dota\u00e7\u00e3o, com valor global at\u00e9 o montante de R$ 109.111,34 (Cento e Nove Mil e Cento e Onze Reais e Trinta e Quatro), na unidade or\u00e7ament\u00e1ria \u2013 Instituto Municipal de Previd\u00eancia dos Servidores, conforme Classifica\u00e7\u00e3o Program\u00e1tica a seguir:\r\nUnidade Or\u00e7amentaria:\t\t\t\t\t\t\t\tValores:\r\n02.\t\t\t\tPODER EXECUTIVO \r\n02.08.00\t\t\t              INSTITUTO MUN. DE PREVID\u00caNCIA DOS SERV-IMPES.\r\n02.08.09.\t\t\tPREVID\u00caNCIA SOCIAL\r\n02.08.09.272.\t\t              PREVID\u00caNCIA DO REGIME ESTATUT\u00c1RIO\r\n02.08.09.272.0032\t\tPROCESSO E GEST\u00c3O DO IMPES\r\n02.08.09.272.0032.2079\t             MANUTEN\u00c7\u00c3O DAS ATIVIDADES DO IMPES \r\n3.3.90.39.\tFICHA: 446\tOutros Serv. Terc. Pessoa Jur\u00eddica\t                            R$ 83.909,98.\r\n4.4.90.52.\tFICHA: 447\tEquip. E Material Permanente\t\t              R$ 22.000,00.\r\n3.3.90.14.\tFICHA: 442\tDi\u00e1rias Civil\t\t\t\t\tR$   3.201,36.\r\n\r\n\t\t\t\t\t\t\tTotal do Cr\u00e9dito\tR$ 109.111,34.\r\n\r\nArt. 2\u00ba - A cobertura da despesa descrita no artigo anterior no Valor Global de R$ 109.111,34 (Cento e Nove Mil e Cento e Onze Reais e Trinta e Quatro), se dar\u00e1 atrav\u00e9s da Abertura de Cr\u00e9dito Adicional Suplementar por Anula\u00e7\u00e3o Parcial da Dota\u00e7\u00e3o, da mesma unidade or\u00e7ament\u00e1ria, conforme programa\u00e7\u00e3o a seguir.\r\n\r\nUnidade Or\u00e7amentaria:\t\t\t\t\t\t\t\tValores:\r\n02.\t\t\t\tPODER EXECUTIVO \r\n02.08.00\t\t\t              INSTITUTO MUN. DE PREVID\u00caNCIA DOS SERV-IMPES.\r\n02.08.09.\t\t\tPREVID\u00caNCIA SOCIAL\r\n02.08.09.272.\t\t              PREVID\u00caNCIA DO REGIME ESTATUT\u00c1RIO\r\n02.08.09.272.0033\t\tPREVID\u00caNCIA SOCIAL DOS SERV. ATIVOS, INATIVOS E PENSIONISTAS.\r\n02.08.09.272.0033.2080\t              MANUTEN\u00c7\u00c3O DAS ATIVIDADES PREVIDENCI\u00c1RIAS.\r\n3.3.90.36.\tFICHA: 453\tOutros Serv. Terc. - Pessoa F\u00edsica\t                            R$ 109.111,34.\r\n\t\t\t\t\t\tTotal do Cr\u00e9dito\t\tR$ 109.111,34.\r\n\r\nArt. 3\u00ba - A abertura do Cr\u00e9dito Adicional Especial por Anula\u00e7\u00e3o Total de Dota\u00e7\u00e3o, que trata esta lei, ser\u00e1 aberto por Decreto do Poder Executivo, nos termos do art. 41 a 46 da Lei Federal 4.320/64 de 17 de mar\u00e7o de 1964.\r\n\r\nArt. 4\u00ba - Esta Lei entrar\u00e1 em vigor na data de sua publica\u00e7\u00e3o.\r\n\r\nEdif\u00edcio-Sede do Poder Executivo Municipal de S\u00e3o Francisco do Guapor\u00e9/RO, 22 de mar\u00e7o de 2019\r\n\r\n\r\n\r\n___________________________\r\nGISLAINE CLEMENTE\r\nPrefeita Municipal","complemento":false,"data_vigencia":null,"timestamp":"2019-07-23T11:36:03.617714-03:00","data_ultima_atualizacao":"2019-07-23T11:36:03.618021-03:00","ip":"","ultima_edicao":null,"tipo":1,"materia":75,"orgao":null,"user":null,"assuntos":[10],"autores":[]}