{"id":1796,"__str__":"Lei Municipal n\u00ba 1.756, de 04 de agosto de 2020","link_detail_backend":"/norma/1796","metadata":{},"texto_integral":"http://sapl.saofranciscodoguapore.ro.leg.br/media/sapl/public/normajuridica/2020/1796/lei_municipal_n.1756-2020.pdf","numero":"1756","ano":2020,"esfera_federacao":"M","data":"2020-08-04","data_publicacao":"2020-08-04","veiculo_publicacao":"","pagina_inicio_publicacao":1,"pagina_fim_publicacao":1,"ementa":"\"Disp\u00f5e sobre inclus\u00e3o no PPA, LDO e LOA, e  autoriza o Poder Executivo Municipal abrir cr\u00e9dito adicional suplementar por excesso de arrecada\u00e7\u00e3o at\u00e9 o montante de R$ 180.000,00 (Cento e Oitenta Mil Reais) , na unidade or\u00e7amentaria da Secretaria Municipal de Agricultura e Meio Ambiente e Urbanismo, no or\u00e7amento vigente, e d\u00e1 outras provid\u00eancias\".","indexacao":"Suplementa\u00e7\u00e3o de ficha para manuten\u00e7\u00e3o das atividades da Secretaria Municipal de Agricultura.","observacao":"A PREFEITA DO MUNIC\u00cdPIO DE S\u00c3O FRANCISCO DO GUAPOR\u00c9, ESTADO DE ROND\u00d4NIA, no uso de suas atribui\u00e7\u00f5es legais conferidas pela Lei Org\u00e2nica do Munic\u00edpio, Faz saber que a C\u00c2MARA MUNICIPAL APROVOU e ELA SANCIONA a seguinte Lei n\u00ba 1.756/2020:\r\n\r\nArt. 1\u00ba - Fica Autorizado o poder executivo a fazer Inclus\u00e3o e Altera\u00e7\u00f5es no PPA, LDO e LOA, pela abertura do Cr\u00e9dito Adicional Suplementar por Excesso de Arrecada\u00e7\u00e3o at\u00e9 o montante de R$ 180.000,00 (Cento e Oitenta Mil Reais), na unidade or\u00e7ament\u00e1ria \u2013 Sec. Munic. de Agricultura e Meio Ambiente e Urbanismo, conforme Classifica\u00e7\u00e3o Program\u00e1tica a seguir:\r\nUnidade Or\u00e7amentaria:\t\t\t\t\t\t\t\t\tValores:\r\n02.\t\t\t\tPODER EXECUTIVO \r\n02.07.\t\t\t\tSEC. MUNIC. DE AGRICULTURA, MEIO AMBIENTE E URBANISMO.\r\n02.07.04.122.\t\t\tADMINISTRA\u00c7\u00c3O GERAL.\r\n02.07.04.122.0029.\t\tPROCESSO E GEST\u00c3O DA SEMAGRIMA. \r\n02.07.04.122.0029.2091\t\tMANUTEN\u00c7\u00c3O DAS ATIVIDADES SEMAGRIMA.\r\n3.1.90.13\tFICHA: 406\tObriga\u00e7\u00f5es Patronais\t\t\t\t\tR$ 25.000,00.\r\n\t\t\t\t\t\tTotal Parcial do Cr\u00e9dito\t\t\tR$ 25.000,00.\r\n\r\nUnidade Or\u00e7amentaria:\t\t\t\t\t\t\t\t\tValores:\r\n02.\t\t\t\tPODER EXECUTIVO \r\n02.07.\t\t\t\tSEC. MUNIC. DE AGRICULTURA, MEIO AMBIENTE E URBANISMO.\r\n02.07.20.607.\t\t\tEXTENS\u00c3O RURAL.\r\n02.07.20.607.0030.\t\tPROGRAMA A HORA DO PRODUTOR. \r\n02.07.20.607.0030.2092\t\tAPOIO AO PEQUENO E M\u00c9DIO PRODUTOR RURAL.\r\n3.3.90.30\tFICHA: 425\tMaterial de Consumo\t\t\t\t\tR$ 155.000,00.\r\n\t\t\t\t\t\tTotal Parcial do Cr\u00e9dito\t\t\tR$ 155.000,00.\r\nTotal Geral do Cr\u00e9dito\t\t\tR$ 180.000,00\r\n\r\nArt. 2\u00ba - A cobertura da despesa descrita no artigo anterior no Valor Global de R$ 180.000,00 (Cento e Oitenta Mil Reais), se dar\u00e1 atrav\u00e9s da Abertura de Cr\u00e9dito Adicional Suplementar por Excesso de Arrecada\u00e7\u00e3o com Recurso do Auxilio Financeiro aos Munic\u00edpios atrav\u00e9s da Lei Complementar 173/2020.\r\n\r\n\u00a7 1\u00ba - O valor de 180.000,00 (Cento e Oitenta Mil Reais), que tem por Objeto \u201cSuplementa\u00e7\u00e3o da ficha para cobertura de despesas com Aquisi\u00e7\u00e3o de Combust\u00edveis para atender o Programa \u201cA Hora do Produtor\u201d e despesas com Obriga\u00e7\u00f5es Patronais\u201d e se dar\u00e1 atrav\u00e9s de Cr\u00e9dito Adicional Suplementar por Excesso de Arrecada\u00e7\u00e3o e ser\u00e1 creditado nas fichas 406, e 425 conforme Artigo 1\u00ba.\r\n\t\t\t\t\t\t\t\r\nArt. 3\u00ba - A abertura do Cr\u00e9dito Adicional Suplementar por Excesso de Arrecada\u00e7\u00e3o, que trata esta lei, ser\u00e1 aberto por Decreto do Poder Executivo, nos termos do art. 41 a 46 da Lei Federal 4.320/64 de 17 de mar\u00e7o de 1964.\r\n\r\nArt. 4\u00ba - Esta Lei entrar\u00e1 em vigor na data de sua publica\u00e7\u00e3o.\r\n\r\nEdif\u00edcio-Sede do Poder Executivo Municipal de S\u00e3o Francisco do Guapor\u00e9/RO, 04 de agosto de 2020.\r\n\r\n___________________________\r\nGislaine Clemente\r\nPrefeita Municipal","complemento":false,"data_vigencia":null,"timestamp":"2020-09-18T10:51:45.571203-03:00","data_ultima_atualizacao":"2020-09-18T10:51:45.739699-03:00","ip":"131.161.210.75","ultima_edicao":"2020-09-18T09:56:37.390911-03:00","tipo":1,"materia":1102,"orgao":null,"user":2,"assuntos":[],"autores":[]}