{"id":8551,"__str__":"Requerimento n\u00ba 172 de 2023 | Proposi\u00e7\u00e3o inclusa na Ordem do Dia | 15/09/2023","link_detail_backend":"/materia/tramitacao/8551","metadata":{},"timestamp":"2023-09-15T13:48:41.344807-03:00","data_tramitacao":"2023-09-15","data_encaminhamento":null,"urgente":false,"turno":"","texto":"Proposi\u00e7\u00e3o inclusa na Ordem do dia para vota\u00e7\u00e3o.","data_fim_prazo":null,"ip":"131.161.210.75","ultima_edicao":"2023-09-15T13:48:28.359258-03:00","status":18,"materia":2566,"unidade_tramitacao_local":10,"unidade_tramitacao_destino":6,"user":3}