{"id":8549,"__str__":"Requerimento n\u00ba 170 de 2023 | Proposi\u00e7\u00e3o inclusa na Ordem do Dia | 15/09/2023","link_detail_backend":"/materia/tramitacao/8549","metadata":{},"timestamp":"2023-09-15T13:48:00.878193-03:00","data_tramitacao":"2023-09-15","data_encaminhamento":null,"urgente":false,"turno":"","texto":"Proposi\u00e7\u00e3o inclusa na Ordem do dia para vota\u00e7\u00e3o.","data_fim_prazo":null,"ip":"131.161.210.75","ultima_edicao":"2023-09-15T13:47:49.574552-03:00","status":18,"materia":2564,"unidade_tramitacao_local":10,"unidade_tramitacao_destino":6,"user":3}