{"id":12264,"__str__":"Projeto de Lei Complementar n\u00ba 8 de 2025 | Proposi\u00e7\u00e3o inclusa na Ordem do Dia | 30/06/2025","link_detail_backend":"/materia/tramitacao/12264","metadata":{},"timestamp":"2025-07-01T14:31:35.337352-03:00","data_tramitacao":"2025-06-30","data_encaminhamento":null,"urgente":false,"turno":"","texto":"Mat\u00e9ria inclusa na Ordem do dia para vota\u00e7\u00e3o em Sess\u00e3o Extraordin\u00e1ria.","data_fim_prazo":null,"ip":"131.161.209.8","ultima_edicao":"2025-07-01T14:31:13.672771-03:00","status":18,"materia":3685,"unidade_tramitacao_local":6,"unidade_tramitacao_destino":6,"user":3}