{"id":720,"__str__":"Requerimento n\u00ba 25 de 2017","link_detail_backend":"/materia/720","metadata":{},"numero":25,"ano":2017,"numero_protocolo":null,"data_apresentacao":"2017-03-10","tipo_apresentacao":"E","data_publicacao":null,"numero_origem_externa":"","ano_origem_externa":null,"data_origem_externa":null,"apelido":"","dias_prazo":null,"data_fim_prazo":null,"em_tramitacao":false,"polemica":null,"objeto":"","complementar":null,"ementa":"Requer junto a Secretaria de Obras, que seja feito uma demarca\u00e7\u00e3o identificando local para deixar ou carregar pacientes no Posto de Sa\u00fade Isabel da Silva de Paula, localizado na RO 377, linha 06.","indexacao":"","observacao":"O que acontece \u00e9 que v\u00e1rios ve\u00edculos estacionam na frente do Posto de Sa\u00fade, n\u00e3o deixando espa\u00e7o para a ambul\u00e2ncia ou outro veiculo com pessoas com defici\u00eancias ou idade para encostar mais pr\u00f3ximo da entrada do Posto de Sa\u00fade, com isso pe\u00e7o que seja feito uma cal\u00e7ada redonda para que o veiculo encoste na frente e deixe o paciente e depois estacione o veiculo em local adequado.","resultado":"","texto_original":"http://sapl.saofranciscodoguapore.ro.leg.br/media/sapl/public/materialegislativa/2017/720/requerimento_2017-025.pdf","data_ultima_atualizacao":"2020-03-16T16:34:09.139122-03:00","ip":"131.161.210.76","ultima_edicao":null,"tipo":14,"regime_tramitacao":3,"tipo_origem_externa":null,"local_origem_externa":null,"user":2,"anexadas":[],"autores":[4]}