{"id":51,"__str__":"Requerimento n\u00ba 33 de 2019","link_detail_backend":"/materia/51","metadata":{},"numero":33,"ano":2019,"numero_protocolo":null,"data_apresentacao":"2019-03-25","tipo_apresentacao":"E","data_publicacao":null,"numero_origem_externa":"33","ano_origem_externa":2019,"data_origem_externa":"2019-03-20","apelido":"","dias_prazo":null,"data_fim_prazo":null,"em_tramitacao":false,"polemica":null,"objeto":"","complementar":null,"ementa":"O Vereador que o presente subscreve, vem respeitosamente \u00e0 presen\u00e7a da Mesa Diretora desta Augusta C\u00e2mara Municipal, REQUERER que depois de ouvido o Douto Plen\u00e1rio, com suped\u00e2neo no Regimento Interno deste Corpo Colegiado, a APROVA\u00c7\u00c3O deste REQUERIMENTO e posterior envio a Exma. Sr\u00aa. Prefeita Municipal, e a mesma providencie um Ato Administrativo do Executivo, dando o nome na Vila da Comunidade do km 75, escolhido em reuni\u00e3o realizada no dia 28 de Julho de 2018, sendo \u201cVila Rica do Guapor\u00e9\u201d, e colocar uma Placa identificando a Vila.","indexacao":"Em reuni\u00e3o realizada na Comunidade no dia 28 de Julho de 2018, com todos os moradores presentes, foi escolhido o nome por unanimidade de \u201cVila Rica do Guapor\u00e9\u201d, e os moradores pedem que seja reconhecido pela Administra\u00e7\u00e3o esse nome atrav\u00e9s de uma Ato Administrativo, e por meio deste ato, colocar uma Placa informando o nome da Vila, que a Vila Rica do Guapor\u00e9 seja reconhecida pelo munic\u00edpio e todos que por ela passam.","observacao":"","resultado":"","texto_original":"http://sapl.saofranciscodoguapore.ro.leg.br/media/sapl/public/materialegislativa/2019/51/requerimento_033-2019.pdf","data_ultima_atualizacao":"2019-05-03T09:43:35.795704-03:00","ip":"","ultima_edicao":null,"tipo":14,"regime_tramitacao":3,"tipo_origem_externa":14,"local_origem_externa":3,"user":null,"anexadas":[],"autores":[10]}