{"id":4465,"__str__":"Projeto de Lei n\u00ba 63 de 2026","link_detail_backend":"/materia/4465","metadata":{},"numero":63,"ano":2026,"numero_protocolo":166,"data_apresentacao":"2026-04-15","tipo_apresentacao":"E","data_publicacao":null,"numero_origem_externa":"","ano_origem_externa":null,"data_origem_externa":null,"apelido":"","dias_prazo":null,"data_fim_prazo":null,"em_tramitacao":true,"polemica":false,"objeto":"","complementar":false,"ementa":"Autoriza o Poder Executivo Municipal a firmar Termo de  Conv\u00eanio  com  a  Associa\u00e7\u00e3o  dos  Idosos  de  S\u00e3o Francisco \u2013 AISF,  para  transfer\u00eancia  de  recursos financeiros a t\u00edtulo de subven\u00e7\u00e3o social, no valor anual  de  R$  36.000,00  (trinta  e  seis  mil  reais), destinados  \u00e0  manuten\u00e7\u00e3o  de  suas  atividades,  e  d\u00e1 outras provid\u00eancias.","indexacao":"A Associa\u00e7\u00e3o dos Idosos de S\u00e3o Francisco \u2013 AISF desempenha relevante fun\u00e7\u00e3o  social,  promovendo  a\u00e7\u00f5es  de  conviv\u00eancia,  integra\u00e7\u00e3o, acolhimento e fortalecimento de v\u00ednculos comunit\u00e1rios, constituindo importante instrumento de apoio \u00e0 pessoa idosa e de valoriza\u00e7\u00e3o de sua dignidade, em conson\u00e2ncia com as diretrizes de prote\u00e7\u00e3o social e  com  o  dever  do  Poder  P\u00fablico  de  apoiar  iniciativas  voltadas  ao bem-estar dessa parcela da popula\u00e7\u00e3o.\r\n\r\nOs recursos p\u00fablicos a serem transferidos destinam-se ao custeio de despesas  ordin\u00e1rias  e  necess\u00e1rias  \u00e0  manuten\u00e7\u00e3o  das  atividades  da entidade,  especialmente  aquelas  relacionadas  a entretenimento, energia el\u00e9trica, manuten\u00e7\u00e3o predial, material de copa e cozinha e g\u00eaneros aliment\u00edcios, permitindo, assim, a continuidade dos servi\u00e7os e a\u00e7\u00f5es desenvolvidos pela associa\u00e7\u00e3o.","observacao":"","resultado":"","texto_original":null,"data_ultima_atualizacao":"2026-04-23T09:56:07.765558-03:00","ip":"131.161.209.8","ultima_edicao":"2026-04-15T20:28:40.519444-03:00","tipo":9,"regime_tramitacao":3,"tipo_origem_externa":null,"local_origem_externa":null,"user":3,"anexadas":[],"autores":[69]}