{"id":4457,"__str__":"Indica\u00e7\u00e3o n\u00ba 48 de 2026","link_detail_backend":"/materia/4457","metadata":{"signs":{"texto_original":{"admin":[],"autores":[["Alessandra Varelo de Brito",["2026-04-14T10:36:21-04:00","ICP-Brasil - AC SyngularID Multipla"]],["Braz Carlos Correia",["2026-04-14T10:46:26-04:00","ICP-Brasil - AC SyngularID Multipla"]],["Eber Lopes Reis",["2026-04-14T10:43:52-04:00","ICP-Brasil - AC SyngularID Multipla"]],["Elias Andrade de Lima",["2026-04-14T10:54:07-04:00","ICP-Brasil - AC SyngularID Multipla"]],["Geferson dos Santos",["2026-04-14T10:40:17-04:00","ICP-Brasil - AC SyngularID Multipla"]],["Hermes Bordignon",["2026-04-14T11:11:09-04:00","ICP-Brasil - AC SyngularID Multipla"]],["Jorge Antonio Honorato de Souza",["2026-04-14T10:51:18-04:00","ICP-Brasil - AC SyngularID Multipla"]],["Marcio Domingos dos Santos",["2026-04-14T11:14:06-04:00","ICP-Brasil - AC SyngularID Multipla"]],["Marcio Souza Magalhaes",["2026-04-14T10:42:07-04:00","ICP-Brasil - AC SyngularID Multipla"]],["Ozias Alves dos Santos",["2026-04-14T10:48:47-04:00","ICP-Brasil - AC SyngularID Multipla"]]]}}},"numero":48,"ano":2026,"numero_protocolo":160,"data_apresentacao":"2026-04-10","tipo_apresentacao":"E","data_publicacao":null,"numero_origem_externa":"","ano_origem_externa":null,"data_origem_externa":null,"apelido":"","dias_prazo":null,"data_fim_prazo":null,"em_tramitacao":false,"polemica":false,"objeto":"","complementar":false,"ementa":"Indico instala\u00e7\u00e3o de placas informativas contendo foto e breve hist\u00f3rico das pessoas que d\u00e3o nome aos espa\u00e7os p\u00fablicos do munic\u00edpio.","indexacao":"","observacao":"A presente indica\u00e7\u00e3o tem como objetivo valorizar e preservar a mem\u00f3ria das pessoas que contribu\u00edram para o desenvolvimento do munic\u00edpio, cujos nomes foram atribu\u00eddos a espa\u00e7os p\u00fablicos como forma de homenagem e reconhecimento.\r\n\r\nEntretanto, observa-se que grande parte da popula\u00e7\u00e3o, especialmente as novas gera\u00e7\u00f5es, n\u00e3o conhece a hist\u00f3ria ou a import\u00e2ncia dessas personalidades para a comunidade. A instala\u00e7\u00e3o de placas com fotografia e um breve relato biogr\u00e1fico permitir\u00e1 que moradores e visitantes tenham acesso \u00e0s informa\u00e7\u00f5es sobre quem foi a pessoa homenageada e quais foram suas contribui\u00e7\u00f5es para o munic\u00edpio.\r\n\r\nAl\u00e9m de fortalecer a identidade cultural e hist\u00f3rica de S\u00e3o Francisco do Guapor\u00e9, a iniciativa tamb\u00e9m possui car\u00e1ter educativo, podendo ser utilizada por escolas, estudantes e pela popula\u00e7\u00e3o em geral como fonte de conhecimento sobre a hist\u00f3ria local.\r\n\r\nDessa forma, a medida contribuir\u00e1 para preservar a mem\u00f3ria coletiva, valorizar os pioneiros e reconhecer cidad\u00e3os que ajudaram na constru\u00e7\u00e3o da hist\u00f3ria do munic\u00edpio.\r\n\r\nDiante da relev\u00e2ncia da mat\u00e9ria para o bem-estar da popula\u00e7\u00e3o, solicitamos o apoio dos nobres vereadores para aprova\u00e7\u00e3o do presente requerimento.","resultado":"","texto_original":"http://sapl.saofranciscodoguapore.ro.leg.br/media/sapl/public/materialegislativa/2026/4457/indicacao_no.48-2026-alessandra_assinado.pdf","data_ultima_atualizacao":"2026-04-15T08:26:13.388229-03:00","ip":"131.161.209.8","ultima_edicao":"2026-04-15T08:26:12.530641-03:00","tipo":5,"regime_tramitacao":3,"tipo_origem_externa":null,"local_origem_externa":null,"user":3,"anexadas":[],"autores":[72]}