{"id":4453,"__str__":"Indica\u00e7\u00e3o n\u00ba 46 de 2026","link_detail_backend":"/materia/4453","metadata":{"signs":{"texto_original":{"admin":[],"autores":[["Braz Carlos Correia",["2026-04-14T10:25:31-04:00","ICP-Brasil - AC SyngularID Multipla"]],["Eber Lopes Reis",["2026-04-14T10:24:39-04:00","ICP-Brasil - AC SyngularID Multipla"]],["Elias Andrade de Lima",["2026-04-14T10:06:36-04:00","ICP-Brasil - AC SyngularID Multipla"]],["Geferson dos Santos",["2026-04-14T10:21:48-04:00","ICP-Brasil - AC SyngularID Multipla"]],["Hermes Bordignon",["2026-04-14T10:30:57-04:00","ICP-Brasil - AC SyngularID Multipla"]],["Jorge Antonio Honorato de Souza",["2026-04-14T10:28:08-04:00","ICP-Brasil - AC SyngularID Multipla"]],["Marcio Domingos dos Santos",["2026-04-14T10:32:39-04:00","ICP-Brasil - AC SyngularID Multipla"]],["Marcio Souza Magalhaes",["2026-04-14T10:22:42-04:00","ICP-Brasil - AC SyngularID Multipla"]],["Ozias Alves dos Santos",["2026-04-14T10:26:47-04:00","ICP-Brasil - AC SyngularID Multipla"]]]}}},"numero":46,"ano":2026,"numero_protocolo":157,"data_apresentacao":"2026-04-09","tipo_apresentacao":"E","data_publicacao":null,"numero_origem_externa":"","ano_origem_externa":null,"data_origem_externa":null,"apelido":"","dias_prazo":null,"data_fim_prazo":null,"em_tramitacao":false,"polemica":false,"objeto":"","complementar":false,"ementa":"Implanta\u00e7\u00e3o de parque multissensorial, preferencialmente na Pra\u00e7a Ozil Andrade de Lima,\r\nlocalizada no Bairro Cidade Alta, ou a adapta\u00e7\u00e3o de espa\u00e7os p\u00fablicos destinados a crian\u00e7as com\r\nTranstorno do Espectro Autista no \u00e2mbito do Munic\u00edpio.","indexacao":"","observacao":"","resultado":"","texto_original":"http://sapl.saofranciscodoguapore.ro.leg.br/media/sapl/public/materialegislativa/2026/4453/indicacao_no.46-2026-elias_assinado.pdf","data_ultima_atualizacao":"2026-04-15T08:25:10.177805-03:00","ip":"131.161.209.8","ultima_edicao":"2026-04-15T08:25:09.251869-03:00","tipo":5,"regime_tramitacao":3,"tipo_origem_externa":null,"local_origem_externa":null,"user":3,"anexadas":[],"autores":[3]}