{"id":4449,"__str__":"Indica\u00e7\u00e3o n\u00ba 45 de 2026","link_detail_backend":"/materia/4449","metadata":{"signs":{"texto_original":{"admin":[],"autores":[["Alessandra Varelo de Brito",["2026-04-14T10:38:44-04:00","ICP-Brasil - AC SyngularID Multipla"]],["Braz Carlos Correia",["2026-04-14T10:47:39-04:00","ICP-Brasil - AC SyngularID Multipla"]],["Eber Lopes Reis",["2026-04-14T10:44:46-04:00","ICP-Brasil - AC SyngularID Multipla"]],["Elias Andrade de Lima",["2026-04-14T10:55:43-04:00","ICP-Brasil - AC SyngularID Multipla"]],["Geferson dos Santos",["2026-04-14T10:40:55-04:00","ICP-Brasil - AC SyngularID Multipla"]],["Hermes Bordignon",["2026-04-14T11:02:01-04:00","ICP-Brasil - AC SyngularID Multipla"]],["Jorge Antonio Honorato de Souza",["2026-04-14T10:52:56-04:00","ICP-Brasil - AC SyngularID Multipla"]],["Marcio Domingos dos Santos",["2026-04-14T11:05:22-04:00","ICP-Brasil - AC SyngularID Multipla"]],["Marcio Souza Magalhaes",["2026-04-14T10:42:50-04:00","ICP-Brasil - AC SyngularID Multipla"]],["Ozias Alves dos Santos",["2026-04-14T10:50:04-04:00","ICP-Brasil - AC SyngularID Multipla"]]]}}},"numero":45,"ano":2026,"numero_protocolo":153,"data_apresentacao":"2026-04-08","tipo_apresentacao":"E","data_publicacao":null,"numero_origem_externa":"","ano_origem_externa":null,"data_origem_externa":null,"apelido":"","dias_prazo":null,"data_fim_prazo":null,"em_tramitacao":false,"polemica":false,"objeto":"","complementar":false,"ementa":"Indico que seja providenciada a instala\u00e7\u00e3o de sistema de ilumina\u00e7\u00e3o p\u00fablica na quadra de v\u00f4lei de areia localizada na Pra\u00e7a da B\u00edblia","indexacao":"","observacao":"A presente indica\u00e7\u00e3o tem por finalidade atender \u00e0 demanda da comunidade que utiliza a quadra de v\u00f4lei de areia da Pra\u00e7a da B\u00edblia como espa\u00e7o destinado \u00e0 pr\u00e1tica esportiva, lazer e conviv\u00eancia social. A inexist\u00eancia de ilumina\u00e7\u00e3o adequada limita a utiliza\u00e7\u00e3o do referido espa\u00e7o ao per\u00edodo diurno, restringindo o acesso da popula\u00e7\u00e3o, sobretudo de trabalhadores e estudantes que disp\u00f5em do per\u00edodo noturno para atividades esportivas e recreativas.\r\n\r\nA implanta\u00e7\u00e3o de sistema de ilumina\u00e7\u00e3o p\u00fablica no local ampliar\u00e1 significativamente o uso da quadra em hor\u00e1rios noturnos, proporcionando melhores condi\u00e7\u00f5es de seguran\u00e7a, conforto e acessibilidade aos mun\u00edcipes. Al\u00e9m disso, a adequada ilumina\u00e7\u00e3o de espa\u00e7os p\u00fablicos contribui para a preven\u00e7\u00e3o de atos de vandalismo e outras pr\u00e1ticas il\u00edcitas, fortalecendo a sensa\u00e7\u00e3o de seguran\u00e7a da popula\u00e7\u00e3o que frequenta a pra\u00e7a.\r\n\r\nCumpre salientar que a valoriza\u00e7\u00e3o e manuten\u00e7\u00e3o de espa\u00e7os p\u00fablicos destinados ao esporte e ao lazer representam importante pol\u00edtica p\u00fablica de incentivo \u00e0 qualidade de vida, \u00e0 sa\u00fade e \u00e0 integra\u00e7\u00e3o comunit\u00e1ria. Nesse contexto, a atua\u00e7\u00e3o da Secretaria Municipal de Infraestrutura e Servi\u00e7os P\u00fablicos mostra-se essencial para a execu\u00e7\u00e3o da medida ora indicada, assegurando melhores condi\u00e7\u00f5es de uso da quadra de v\u00f4lei de areia pela comunidade local.\r\n\r\nDiante da relev\u00e2ncia da mat\u00e9ria para o bem-estar da popula\u00e7\u00e3o, solicitamos o apoio dos nobres vereadores para aprova\u00e7\u00e3o do presente requerimento.","resultado":"","texto_original":"http://sapl.saofranciscodoguapore.ro.leg.br/media/sapl/public/materialegislativa/2026/4449/indicacao_no.45-2026-alessandra_assinado.pdf","data_ultima_atualizacao":"2026-04-15T08:23:46.860844-03:00","ip":"131.161.209.8","ultima_edicao":"2026-04-15T08:23:45.875235-03:00","tipo":5,"regime_tramitacao":3,"tipo_origem_externa":null,"local_origem_externa":null,"user":3,"anexadas":[],"autores":[72]}