{"id":4430,"__str__":"Projeto de Lei n\u00ba 53 de 2026","link_detail_backend":"/materia/4430","metadata":{"signs":{"texto_original":{"admin":[],"autores":[["Alessandra Varelo de Brito",["2026-04-16T09:28:23-04:00","ICP-Brasil - AC SyngularID Multipla"]],["Braz Carlos Correia",["2026-04-16T09:29:13-04:00","ICP-Brasil - AC SyngularID Multipla"]],["Elias Andrade de Lima",["2026-04-16T09:30:44-04:00","ICP-Brasil - AC SyngularID Multipla"]],["Geferson dos Santos",["2026-04-16T09:28:04-04:00","ICP-Brasil - AC SyngularID Multipla"]],["Jorge Antonio Honorato de Souza",["2026-04-16T09:30:15-04:00","ICP-Brasil - AC SyngularID Multipla"]],["Marcio Souza Magalhaes",["2026-04-16T09:28:45-04:00","ICP-Brasil - AC SyngularID Multipla"]],["Ozias Alves dos Santos",["2026-04-16T09:29:49-04:00","ICP-Brasil - AC SyngularID Multipla"]]]}}},"numero":53,"ano":2026,"numero_protocolo":138,"data_apresentacao":"2026-03-24","tipo_apresentacao":"E","data_publicacao":null,"numero_origem_externa":"","ano_origem_externa":null,"data_origem_externa":null,"apelido":"","dias_prazo":null,"data_fim_prazo":null,"em_tramitacao":false,"polemica":false,"objeto":"","complementar":false,"ementa":"\u201cDisp\u00f5e  sobre  Inclus\u00e3o  e Altera\u00e7\u00f5es  no  PPA,  LDO  e LOA,  e  Autoriza  o  Poder  Executivo  a Abertura  de Cr\u00e9dito Adicional Especial  Por Superavit  Financeiro at\u00e9  o  montante de  R$ 172.999,91 (Cento  e  setenta  e dois mil novecentos e noventa e nove reais e noventa e um  centavos) em favor  da Secretaria  Municipal  de Sa\u00fade - SEMUSA, e d\u00e1 outras provid\u00eancias.\u201d","indexacao":"O Projeto de Lei em quest\u00e3o visa a inser\u00e7\u00e3o or\u00e7ament\u00e1ria do Recurso que se dar\u00e1 atrav\u00e9s do Superavit Financeiro, que se refere ao saldo remanescente sobre a aquisi\u00e7\u00e3o de 2 ve\u00edculos para a sa\u00fade, no qual j\u00e1 houve a execu\u00e7\u00e3o da mini van no ano de 2025 e sendo executado agora a aquisi\u00e7\u00e3o do ve\u00edculo sedan conforme plano de  trabalho  em  anexo, sendo  necess\u00e1ria  a  contra  partida  do  munic\u00edpio,  no  qual aquisi\u00e7\u00e3o  \u00e9  necess\u00e1ria  para  atender  as  demandas  da  pasta  da  sa\u00fade  com transportes, garantindo  maior  resolutividade  e  qualidade a  popula\u00e7\u00e3o, faz-se necess\u00e1ria incluir para o bom desempenho  da secret\u00e1ria, visando as necessidades do  munic\u00edpio e respeitando  a  categoria  econ\u00f4mica necess\u00e1ria  para  cobrir  as despesas.","observacao":"","resultado":"","texto_original":"http://sapl.saofranciscodoguapore.ro.leg.br/media/sapl/public/materialegislativa/2026/4430/pl_no.53-2026_-_aquis._veiculo_saude_-_r_172.99991_assinado.pdf","data_ultima_atualizacao":"2026-04-22T12:13:42.780198-03:00","ip":"131.161.209.8","ultima_edicao":"2026-04-16T10:47:32.134531-03:00","tipo":9,"regime_tramitacao":3,"tipo_origem_externa":null,"local_origem_externa":null,"user":3,"anexadas":[],"autores":[69]}