{"id":4405,"__str__":"Requerimento n\u00ba 42 de 2026","link_detail_backend":"/materia/4405","metadata":{},"numero":42,"ano":2026,"numero_protocolo":116,"data_apresentacao":"2026-03-13","tipo_apresentacao":"E","data_publicacao":null,"numero_origem_externa":"","ano_origem_externa":null,"data_origem_externa":null,"apelido":"","dias_prazo":null,"data_fim_prazo":null,"em_tramitacao":false,"polemica":false,"objeto":"","complementar":false,"ementa":"Requerer implanta\u00e7\u00e3o de aulas de zumba para promo\u00e7\u00e3o da sa\u00fade e qualidade de vida da popula\u00e7\u00e3o.","indexacao":"","observacao":"A presente solicita\u00e7\u00e3o visa incentivar a pr\u00e1tica de atividades f\u00edsicas e promover mais sa\u00fade, bem-estar e qualidade de vida para a popula\u00e7\u00e3o do munic\u00edpio. As aulas de Zumba s\u00e3o reconhecidas por estimular a pr\u00e1tica esportiva de forma acess\u00edvel, din\u00e2mica e inclusiva, reunindo pessoas de diferentes idades em atividades que promovem sa\u00fade e integra\u00e7\u00e3o social.\r\n\r\nAl\u00e9m de contribuir para o combate ao sedentarismo e \u00e0 preven\u00e7\u00e3o de diversas doen\u00e7as, a iniciativa tamb\u00e9m fortalece as pol\u00edticas p\u00fablicas voltadas ao esporte e lazer, oferecendo \u00e0 popula\u00e7\u00e3o mais oportunidades de participa\u00e7\u00e3o em atividades saud\u00e1veis e recreativas.\r\n\r\nTrata-se de uma a\u00e7\u00e3o simples, de grande alcance social, que poder\u00e1 beneficiar diretamente jovens, adultos e idosos, incentivando h\u00e1bitos saud\u00e1veis e proporcionando momentos de conviv\u00eancia e lazer \u00e0 comunidade.\r\n\r\nDiante da relev\u00e2ncia da iniciativa para o bem-estar da popula\u00e7\u00e3o, conto com o apoio dos nobres vereadores para aprova\u00e7\u00e3o deste requerimento, refor\u00e7ando o compromisso desta Casa Legislativa com a promo\u00e7\u00e3o da sa\u00fade e da qualidade de vida dos mun\u00edcipes.","resultado":"","texto_original":null,"data_ultima_atualizacao":"2026-03-18T14:16:39.369637-03:00","ip":"131.161.209.8","ultima_edicao":"2026-03-18T14:16:39.274165-03:00","tipo":14,"regime_tramitacao":3,"tipo_origem_externa":null,"local_origem_externa":null,"user":3,"anexadas":[],"autores":[72]}