{"id":4395,"__str__":"Indica\u00e7\u00e3o n\u00ba 26 de 2026","link_detail_backend":"/materia/4395","metadata":{"signs":{"texto_original":{"admin":[],"autores":[["Agnielde Benici Adorno",["2026-03-18T08:06:35-04:00","ICP-Brasil - AC SyngularID Multipla"]],["Alessandra Varelo de Brito",["2026-03-17T13:08:40-04:00","ICP-Brasil - AC SyngularID Multipla"]],["Braz Carlos Correia",["2026-03-17T13:00:41-04:00","ICP-Brasil - AC SyngularID Multipla"]],["Eber Lopes Reis",["2026-03-17T13:05:05-04:00","ICP-Brasil - AC SyngularID Multipla"]],["Elias Andrade de Lima",["2026-03-17T12:55:11-04:00","ICP-Brasil - AC SyngularID Multipla"]],["Geferson dos Santos",["2026-03-17T13:11:42-04:00","ICP-Brasil - AC SyngularID Multipla"]],["Hermes Bordignon",["2026-03-17T12:54:12-04:00","ICP-Brasil - AC SyngularID Multipla"]],["Jorge Antonio Honorato de Souza",["2026-03-17T12:56:40-04:00","ICP-Brasil - AC SyngularID Multipla"]],["Marcio Domingos dos Santos",["2026-03-17T12:51:57-04:00","ICP-Brasil - AC SyngularID Multipla"]],["Marcio Souza Magalhaes",["2026-03-17T13:06:46-04:00","ICP-Brasil - AC SyngularID Multipla"]],["Ozias Alves dos Santos",["2026-03-17T12:58:08-04:00","ICP-Brasil - AC SyngularID Multipla"]]]}}},"numero":26,"ano":2026,"numero_protocolo":106,"data_apresentacao":"2026-03-12","tipo_apresentacao":"E","data_publicacao":null,"numero_origem_externa":"","ano_origem_externa":null,"data_origem_externa":null,"apelido":"","dias_prazo":null,"data_fim_prazo":null,"em_tramitacao":false,"polemica":false,"objeto":"","complementar":false,"ementa":"Indico ao Excelent\u00edssimo Senhor Prefeito Municipal, a constru\u00e7\u00e3o da cal\u00e7ada que falta na parada de \u00f4nibus localizada aos fundos da Escola Regina de Almeida, garantindo melhores condi\u00e7\u00f5es de acessibilidade e seguran\u00e7a aos alunos, especialmente aos estudantes cadeirantes que utilizam o local diariamente","indexacao":"","observacao":"A presente indica\u00e7\u00e3o tem como objetivo atender \u00e0 necessidade de melhoria na acessibilidade e mobilidade dos alunos que utilizam a parada de \u00f4nibus situada nos fundos da Escola Regina de Almeida. Atualmente, a aus\u00eancia de cal\u00e7ada no local dificulta o deslocamento dos estudantes, principalmente daqueles que fazem uso de cadeira de rodas  ou possuem mobilidade reduzida.","resultado":"","texto_original":"http://sapl.saofranciscodoguapore.ro.leg.br/media/sapl/public/materialegislativa/2026/4395/indicacao_no.26-2026-agnielde_assinado.pdf","data_ultima_atualizacao":"2026-03-18T14:03:17.694496-03:00","ip":"131.161.209.8","ultima_edicao":"2026-03-18T14:03:16.637255-03:00","tipo":5,"regime_tramitacao":3,"tipo_origem_externa":null,"local_origem_externa":null,"user":3,"anexadas":[],"autores":[70]}