{"id":4355,"__str__":"Projeto de Lei n\u00ba 44 de 2026","link_detail_backend":"/materia/4355","metadata":{"signs":{"texto_original":{"admin":[],"autores":[["Agnielde Benici Adorno",["2026-04-01T09:58:24-04:00","ICP-Brasil - AC SyngularID Multipla"]],["Alessandra Varelo de Brito",["2026-04-01T09:56:44-04:00","ICP-Brasil - AC SyngularID Multipla"]],["Braz Carlos Correia",["2026-04-01T09:57:28-04:00","ICP-Brasil - AC SyngularID Multipla"]],["Elias Andrade de Lima",["2026-04-01T10:01:34-04:00","ICP-Brasil - AC SyngularID Multipla"]],["Geferson dos Santos",["2026-04-01T09:55:52-04:00","ICP-Brasil - AC SyngularID Multipla"]],["Hermes Bordignon",["2026-04-01T10:14:38-04:00","ICP-Brasil - AC SyngularID Multipla"]],["Jorge Antonio Honorato de Souza",["2026-04-01T10:00:37-04:00","ICP-Brasil - AC SyngularID Multipla"]],["Marcio Domingos dos Santos",["2026-04-01T10:16:17-04:00","ICP-Brasil - AC SyngularID Multipla"]],["Ozias Alves dos Santos",["2026-04-01T09:59:37-04:00","ICP-Brasil - AC SyngularID Multipla"]]]}}},"numero":44,"ano":2026,"numero_protocolo":72,"data_apresentacao":"2026-03-02","tipo_apresentacao":"E","data_publicacao":null,"numero_origem_externa":"","ano_origem_externa":null,"data_origem_externa":null,"apelido":"","dias_prazo":null,"data_fim_prazo":null,"em_tramitacao":false,"polemica":false,"objeto":"","complementar":false,"ementa":"\u201cDisp\u00f5e  sobre  Inclus\u00e3o  e Altera\u00e7\u00f5es  no  PPA,  LDO  e LOA,  e  Autoriza  o  Poder  Executivo  a Abertura  de Cr\u00e9dito Adicional Por Superavit  Financeiro at\u00e9  o montante de  R$ 600.000,00 (Seiscentos mil  reais) em favor  da Secretaria Municipal de Sa\u00fade - SEMUSA, e  d\u00e1  outras provid\u00eancias.\u201d","indexacao":"O objetivo recurso do projeto de lei em quest\u00e3o \u00e9 estabelecer a cria\u00e7\u00e3o de ficha or\u00e7ament\u00e1ria para atender a planilha com o DBI da constru\u00e7\u00e3o do muro e reforma do est\u00e1dio com tal finaliza\u00e7\u00e3o do projeto s\u00f3 tende a beneficiar a popula\u00e7\u00e3o com mais um ambiente de lazer tanto adultos quanto crian\u00e7a para momentos de descontra\u00e7\u00e3o.","observacao":"","resultado":"","texto_original":"http://sapl.saofranciscodoguapore.ro.leg.br/media/sapl/public/materialegislativa/2026/4355/pl_no.44-2026_-_inc._pap-_coronel_-_vac._e_doencas_cronicas_-_r_600.00000_assinado.pdf","data_ultima_atualizacao":"2026-04-06T11:53:21.942082-03:00","ip":"131.161.209.8","ultima_edicao":"2026-04-01T12:56:48.707883-03:00","tipo":9,"regime_tramitacao":3,"tipo_origem_externa":null,"local_origem_externa":null,"user":3,"anexadas":[],"autores":[69]}