{"id":4349,"__str__":"Projeto de Lei n\u00ba 41 de 2026","link_detail_backend":"/materia/4349","metadata":{"signs":{"texto_original":{"admin":[],"autores":[["Agnielde Benici Adorno",["2026-03-17T11:35:00-04:00","ICP-Brasil - AC SyngularID Multipla"]],["Alessandra Varelo de Brito",["2026-03-17T11:32:27-04:00","ICP-Brasil - AC SyngularID Multipla"]],["Braz Carlos Correia",["2026-03-17T11:34:21-04:00","ICP-Brasil - AC SyngularID Multipla"]],["Eber Lopes Reis",["2026-03-17T11:33:35-04:00","ICP-Brasil - AC SyngularID Multipla"]],["Elias Andrade de Lima",["2026-03-17T11:36:52-04:00","ICP-Brasil - AC SyngularID Multipla"]],["Geferson dos Santos",["2026-03-17T11:31:52-04:00","ICP-Brasil - AC SyngularID Multipla"]],["Hermes Bordignon",["2026-03-17T11:37:50-04:00","ICP-Brasil - AC SyngularID Multipla"]],["Jorge Antonio Honorato de Souza",["2026-03-17T11:36:14-04:00","ICP-Brasil - AC SyngularID Multipla"]],["Marcio Domingos dos Santos",["2026-03-17T11:38:56-04:00","ICP-Brasil - AC SyngularID Multipla"]],["Marcio Souza Magalhaes",["2026-03-17T11:33:07-04:00","ICP-Brasil - AC SyngularID Multipla"]],["Ozias Alves dos Santos",["2026-03-17T11:35:36-04:00","ICP-Brasil - AC SyngularID Multipla"]]]}}},"numero":41,"ano":2026,"numero_protocolo":68,"data_apresentacao":"2026-02-20","tipo_apresentacao":"E","data_publicacao":null,"numero_origem_externa":"","ano_origem_externa":null,"data_origem_externa":null,"apelido":"","dias_prazo":null,"data_fim_prazo":null,"em_tramitacao":false,"polemica":false,"objeto":"","complementar":false,"ementa":"\u201cDisp\u00f5e sobre Inclus\u00e3o e Altera\u00e7\u00f5es no PPA, LDO e LOA, e Autoriza o Poder Executivo a Abertura de Cr\u00e9dito Adicional Especial por Superavit Financeiro at\u00e9 o montante de R$ 525.000,09 (Quinhentos e vinte e cinco mil reais e nove centavos) em favor da unidade Or\u00e7ament\u00e1ria da Secretaria Municipal de Educa\u00e7\u00e3o - SEMED, no Or\u00e7amento Vigente, e d\u00e1 outras provid\u00eancias.\u201d","indexacao":"A presente proposi\u00e7\u00e3o tem por finalidade viabilizar a adequa\u00e7\u00e3o or\u00e7ament\u00e1ria necess\u00e1ria \u00e0 aquisi\u00e7\u00e3o de 01 (um) ve\u00edculo tipo Van/Minibus, 21 lugares, zero quil\u00f4metro, destinado ao atendimento das demandas da Secretaria Municipal de Educa\u00e7\u00e3o \u2013 SEMED, especialmente para o transporte de alunos da zona rural deste Munic\u00edpio.","observacao":"","resultado":"","texto_original":"http://sapl.saofranciscodoguapore.ro.leg.br/media/sapl/public/materialegislativa/2026/4349/pl_no.41-2026_-_aquis._veiculo_tipo_van_-_r_525.00009_assinado.pdf","data_ultima_atualizacao":"2026-03-19T12:12:02.083258-03:00","ip":"131.161.209.8","ultima_edicao":"2026-03-19T08:45:05.853556-03:00","tipo":9,"regime_tramitacao":3,"tipo_origem_externa":null,"local_origem_externa":null,"user":3,"anexadas":[],"autores":[69]}