{"id":4347,"__str__":"Projeto de Lei n\u00ba 39 de 2026","link_detail_backend":"/materia/4347","metadata":{"signs":{"texto_original":{"admin":[],"autores":[["Agnielde Benici Adorno",["2026-03-17T11:16:00-04:00","ICP-Brasil - AC SyngularID Multipla"]],["Alessandra Varelo de Brito",["2026-03-17T11:11:07-04:00","ICP-Brasil - AC SyngularID Multipla"]],["Braz Carlos Correia",["2026-03-17T11:14:33-04:00","ICP-Brasil - AC SyngularID Multipla"]],["Eber Lopes Reis",["2026-03-17T11:13:08-04:00","ICP-Brasil - AC SyngularID Multipla"]],["Elias Andrade de Lima",["2026-03-17T11:24:35-04:00","ICP-Brasil - AC SyngularID Multipla"]],["Geferson dos Santos",["2026-03-17T11:10:23-04:00","ICP-Brasil - AC SyngularID Multipla"]],["Hermes Bordignon",["2026-03-17T11:26:12-04:00","ICP-Brasil - AC SyngularID Multipla"]],["Jorge Antonio Honorato de Souza",["2026-03-17T11:18:53-04:00","ICP-Brasil - AC SyngularID Multipla"]],["Marcio Domingos dos Santos",["2026-03-17T11:28:07-04:00","ICP-Brasil - AC SyngularID Multipla"]],["Marcio Souza Magalhaes",["2026-03-17T11:12:10-04:00","ICP-Brasil - AC SyngularID Multipla"]],["Ozias Alves dos Santos",["2026-03-17T11:17:30-04:00","ICP-Brasil - AC SyngularID Multipla"]]]}}},"numero":39,"ano":2026,"numero_protocolo":66,"data_apresentacao":"2026-02-20","tipo_apresentacao":"E","data_publicacao":null,"numero_origem_externa":"","ano_origem_externa":null,"data_origem_externa":null,"apelido":"","dias_prazo":null,"data_fim_prazo":null,"em_tramitacao":false,"polemica":false,"objeto":"","complementar":false,"ementa":"\u201cDisp\u00f5e sobre Inclus\u00e3o e Altera\u00e7\u00f5es no PPA, LDO e LOA, e Autoriza o Poder Executivo a Abertura de Cr\u00e9dito Adicional Suplementar por Anula\u00e7\u00e3o  Parcial  de  Dota\u00e7\u00e3o at\u00e9  o montante de R$ 250.000,00 (Duzentos e cinquenta mil reais), em favor da unidade or\u00e7amentaria da Secretaria Municipal de Finan\u00e7as -SEFIN no Or\u00e7amento Vigente, e d\u00e1 outras provid\u00eancias.\u201d","indexacao":"O recurso objeto do presente projeto de lei em quest\u00e3o visa um ajuste suplementar na Cria\u00e7\u00e3o  de  ficha  or\u00e7amentaria para  atender  a  necessidade  com  a manuten\u00e7\u00e3o  das atividades  de  fiscaliza\u00e7\u00e3o,  aliada  a  programas  de  trabalho  volunt\u00e1rio  focados  em capacita\u00e7\u00e3o e treinamento, \u00e9 uma estrat\u00e9gia fundamental para o aprimoramento da gest\u00e3o p\u00fablica,  a  fiscaliza\u00e7\u00e3o  profissional,  quando  complementada  por  volunt\u00e1rios  capacitados, previne  pr\u00e1ticas  delituosas,  assegura  o  cumprimento  de  normas  e  promove  a conscientiza\u00e7\u00e3o para a equipe da gest\u00e3o tribut\u00e1ria.","observacao":"","resultado":"","texto_original":"http://sapl.saofranciscodoguapore.ro.leg.br/media/sapl/public/materialegislativa/2026/4347/pl_no.39-2026_-_atividade_de_fiscalizacao_-_r_250.00000_assinado.pdf","data_ultima_atualizacao":"2026-03-19T12:05:31.733606-03:00","ip":"131.161.209.8","ultima_edicao":"2026-03-19T08:44:27.310776-03:00","tipo":9,"regime_tramitacao":3,"tipo_origem_externa":null,"local_origem_externa":null,"user":3,"anexadas":[],"autores":[69]}