{"id":4314,"__str__":"Projeto de Lei n\u00ba 36 de 2026","link_detail_backend":"/materia/4314","metadata":{"signs":{"texto_original":{"admin":[],"autores":[["Agnielde Benici Adorno",["2026-03-17T10:51:27-04:00","ICP-Brasil - AC SyngularID Multipla"]],["Alessandra Varelo de Brito",["2026-03-17T10:54:42-04:00","ICP-Brasil - AC SyngularID Multipla"]],["Braz Carlos Correia",["2026-03-17T10:56:32-04:00","ICP-Brasil - AC SyngularID Multipla"]],["Eber Lopes Reis",["2026-03-17T10:55:53-04:00","ICP-Brasil - AC SyngularID Multipla"]],["Elias Andrade de Lima",["2026-03-17T11:00:45-04:00","ICP-Brasil - AC SyngularID Multipla"]],["Geferson dos Santos",["2026-03-17T10:54:07-04:00","ICP-Brasil - AC SyngularID Multipla"]],["Hermes Bordignon",["2026-03-17T11:01:47-04:00","ICP-Brasil - AC SyngularID Multipla"]],["Jorge Antonio Honorato de Souza",["2026-03-17T10:58:00-04:00","ICP-Brasil - AC SyngularID Multipla"]],["Marcio Domingos dos Santos",["2026-03-17T11:02:59-04:00","ICP-Brasil - AC SyngularID Multipla"]],["Marcio Souza Magalhaes",["2026-03-17T10:55:17-04:00","ICP-Brasil - AC SyngularID Multipla"]],["Ozias Alves dos Santos",["2026-03-17T10:57:15-04:00","ICP-Brasil - AC SyngularID Multipla"]]]}}},"numero":36,"ano":2026,"numero_protocolo":40,"data_apresentacao":"2026-02-13","tipo_apresentacao":"E","data_publicacao":null,"numero_origem_externa":"","ano_origem_externa":null,"data_origem_externa":null,"apelido":"","dias_prazo":null,"data_fim_prazo":null,"em_tramitacao":false,"polemica":false,"objeto":"","complementar":false,"ementa":"\u201cInstitui e organiza o Programa Municipal  de Atendimento Odontol\u00f3gico Itinerante \u2013  Van Odontol\u00f3gica M\u00f3vel \u2013 no Munic\u00edpio de S\u00e3o Francisco do Guapor\u00e9,   utilizando a unidade m\u00f3vel j\u00e1 existente,   e d\u00e1 outras provid\u00eancias.\u201d","indexacao":"","observacao":"Projeto de Lei \u201cInstitui e organiza o Programa Municipal de Atendimento  Odontol\u00f3gico Itinerante -Van Odontol\u00f3gica M\u00f3vel do Munic\u00edpio de S\u00e3o Francisco do  Guapor\u00e9 -RO e d\u00e1 outras provid\u00eancias.\"  O presente Projeto de Lei tem como objetivo organizar e ampliar o uso da Van  Odontol\u00f3gica M\u00f3vel j\u00e1 existente no Munic\u00edpio de S\u00e3o Francisco do Guapor\u00e9, garantindo  que o atendimento chegue \u00e0s escolas, comunidades e \u00e1reas mais distantes.","resultado":"","texto_original":"http://sapl.saofranciscodoguapore.ro.leg.br/media/sapl/public/materialegislativa/2026/4314/pl_no.36-2026_-_agnielde_assinado.pdf","data_ultima_atualizacao":"2026-03-18T14:21:03.074877-03:00","ip":"131.161.209.8","ultima_edicao":"2026-03-18T14:21:01.979761-03:00","tipo":9,"regime_tramitacao":3,"tipo_origem_externa":null,"local_origem_externa":null,"user":3,"anexadas":[],"autores":[70]}