{"id":4313,"__str__":"Projeto de Lei n\u00ba 35 de 2026","link_detail_backend":"/materia/4313","metadata":{"signs":{"texto_original":{"admin":[],"autores":[["Agnielde Benici Adorno",["2026-03-17T10:53:32-04:00","ICP-Brasil - AC SyngularID Multipla"]],["Alessandra Varelo de Brito",["2026-03-17T10:54:47-04:00","ICP-Brasil - AC SyngularID Multipla"]],["Braz Carlos Correia",["2026-03-17T10:56:42-04:00","ICP-Brasil - AC SyngularID Multipla"]],["Eber Lopes Reis",["2026-03-17T10:56:02-04:00","ICP-Brasil - AC SyngularID Multipla"]],["Elias Andrade de Lima",["2026-03-17T11:01:03-04:00","ICP-Brasil - AC SyngularID Multipla"]],["Geferson dos Santos",["2026-03-17T10:54:11-04:00","ICP-Brasil - AC SyngularID Multipla"]],["Hermes Bordignon",["2026-03-17T11:02:07-04:00","ICP-Brasil - AC SyngularID Multipla"]],["Jorge Antonio Honorato de Souza",["2026-03-17T10:58:13-04:00","ICP-Brasil - AC SyngularID Multipla"]],["Marcio Domingos dos Santos",["2026-03-17T11:03:19-04:00","ICP-Brasil - AC SyngularID Multipla"]],["Marcio Souza Magalhaes",["2026-03-17T10:55:24-04:00","ICP-Brasil - AC SyngularID Multipla"]],["Ozias Alves dos Santos",["2026-03-17T10:57:27-04:00","ICP-Brasil - AC SyngularID Multipla"]]]}}},"numero":35,"ano":2026,"numero_protocolo":39,"data_apresentacao":"2026-02-13","tipo_apresentacao":"E","data_publicacao":null,"numero_origem_externa":"","ano_origem_externa":null,"data_origem_externa":null,"apelido":"","dias_prazo":null,"data_fim_prazo":null,"em_tramitacao":false,"polemica":false,"objeto":"","complementar":false,"ementa":"\u201cDisp\u00f5e sobre a proibi\u00e7\u00e3o de estacionamento   de ve\u00edculos automotores, nas proximidades das esquinas das vias p\u00fablicas do Munic\u00edpio  de S\u00e3o Francisco do Guapor\u00e9 \u2013 RO,   estabelece normas de sinaliza\u00e7\u00e3o, fiscaliza\u00e7\u00e3o  e a\u00e7\u00f5es de educa\u00e7\u00e3o no tr\u00e2nsito, d\u00e1 outras provid\u00eancias.\u201d","indexacao":"","observacao":"Projeto de Lei de nossa autoria que \u201cDisp\u00f5e sobre obrigatoriedade de pinturas de meio fio na cor amarela em todas as Esquinas   Pavimentadas no Munic\u00edpio de S\u00e3o Francisco do Guapor\u00e9 \u2013 RO e d\u00e1 outras provid\u00eancias.\u201d A presente proposi\u00e7\u00e3o tem por objetivo garantir maior seguran\u00e7a no tr\u00e2nsito do \r\nMunic\u00edpio de S\u00e3o Francisco do Guapor\u00e9 \u2013 RO, por meio da obrigatoriedade da pintura dos meios-fios das esquinas pavimentadas na cor amarela.","resultado":"","texto_original":"http://sapl.saofranciscodoguapore.ro.leg.br/media/sapl/public/materialegislativa/2026/4313/pl_no.35-2026_-_agnielde_assinado.pdf","data_ultima_atualizacao":"2026-03-18T14:20:42.562572-03:00","ip":"131.161.209.8","ultima_edicao":"2026-03-18T14:20:41.545147-03:00","tipo":9,"regime_tramitacao":3,"tipo_origem_externa":null,"local_origem_externa":null,"user":3,"anexadas":[4468],"autores":[70]}