{"id":4269,"__str__":"Projeto de Lei Complementar n\u00ba 13 de 2025","link_detail_backend":"/materia/4269","metadata":{"signs":{"texto_original":{"admin":[],"autores":[["Agnielde Benici Adorno",["2026-01-14T22:08:07-04:00","ICP-Brasil - Certificado PF A1"]],["Alessandra Varelo de Brito",["2026-01-14T22:06:47-04:00","ICP-Brasil - Certificado PF A1"]],["Braz Carlos Correia",["2026-01-14T22:09:09-04:00","ICP-Brasil - Certificado PF A1"]],["Elias Andrade de Lima",["2026-01-14T22:12:52-04:00","ICP-Brasil - Certificado PF A1"]],["Geferson dos Santos",["2026-01-14T22:06:00-04:00","ICP-Brasil - Certificado PF A1"]],["Hermes Bordignon",["2026-01-14T22:14:08-04:00","ICP-Brasil - Certificado PF A1"]],["Jorge Antonio Honorato de Souza",["2026-01-14T22:15:35-04:00","ICP-Brasil - Certificado PF A1"]],["Ozias Alves dos Santos",["2026-01-14T22:17:08-04:00","ICP-Brasil - Certificado PF A1"]]]}}},"numero":13,"ano":2025,"numero_protocolo":943,"data_apresentacao":"2025-12-18","tipo_apresentacao":"E","data_publicacao":null,"numero_origem_externa":"","ano_origem_externa":null,"data_origem_externa":null,"apelido":"","dias_prazo":null,"data_fim_prazo":null,"em_tramitacao":false,"polemica":false,"objeto":"","complementar":false,"ementa":"\"Disp\u00f5e sobre a altera\u00e7\u00e3o da taxa de administra\u00e7\u00e3o, e d\u00e1 outras provid\u00eancias.\"","indexacao":"A presente propositura fundamenta-se na imperiosa necessidade de adequa\u00e7\u00e3o normativa \u00e0s diretrizes federais, especificamente em virtude\r\nda revis\u00e3o e reformula\u00e7\u00e3o do \u00cdndice de Situa\u00e7\u00e3o Previdenci\u00e1ria (ISP) para o ano de 2025, realizada pelo Minist\u00e9rio da Previd\u00eancia Social\r\n(MPS), conforme amplamente divulgado pelos \u00f3rg\u00e3os de controle.","observacao":"","resultado":"","texto_original":"http://sapl.saofranciscodoguapore.ro.leg.br/media/sapl/public/materialegislativa/2025/4269/plc_no.13-2025_-_altera_a_taxa_administrativa_instituto_de_previdencia_assinado.pdf","data_ultima_atualizacao":"2026-03-26T09:23:59.446452-03:00","ip":"131.161.209.8","ultima_edicao":"2026-01-14T23:42:33.633794-03:00","tipo":10,"regime_tramitacao":3,"tipo_origem_externa":null,"local_origem_externa":null,"user":3,"anexadas":[],"autores":[69]}