{"id":4232,"__str__":"Emenda Impositiva n\u00ba 63 de 2025","link_detail_backend":"/materia/4232","metadata":{},"numero":63,"ano":2025,"numero_protocolo":929,"data_apresentacao":"2025-12-15","tipo_apresentacao":"E","data_publicacao":null,"numero_origem_externa":"","ano_origem_externa":null,"data_origem_externa":null,"apelido":"","dias_prazo":null,"data_fim_prazo":null,"em_tramitacao":false,"polemica":false,"objeto":"","complementar":false,"ementa":"Emenda Impositiva no valor de R$ 5.000,00 (cinco mil reais), tem por finalidade destinar para Secretaria de Esporte Cultura e Lazer (SECEL) no qual recurso ser\u00e1 destinada para INSTITUTO ASSSOCIA\u00c7\u00c3O F\u00caNIX DE KARATE, objetivo garantir a participa\u00e7\u00e3o dos atletas de Karat\u00ea nos exames de gradua\u00e7\u00e3o, etapa fundamental para o desenvolvimento t\u00e9cnico, disciplinar e esportivo dos praticantes.","indexacao":"","observacao":"A presente justificativa tem por finalidade respaldar a destina\u00e7\u00e3o de recursos financeiros no valor de R$ 5.000,00 (cinco mil reais), tem por finalidade destinar para Secretaria de Esporte Cultura e Lazer (SECEL) no qual recurso ser\u00e1 destinada para INSTITUTO ASSSOCIA\u00c7\u00c3O F\u00caNIX DE KARATE, objetivo garantir a participa\u00e7\u00e3o dos atletas de Karat\u00ea nos exames de gradua\u00e7\u00e3o, etapa fundamental para o desenvolvimento t\u00e9cnico, disciplinar e esportivo dos praticantes.\r\nO custo das inscri\u00e7\u00f5es muitas vezes impede que crian\u00e7as, adolescentes e jovens, especialmente de fam\u00edlias em situa\u00e7\u00e3o de vulnerabilidade social, realizem a troca de faixas, o que compromete a continuidade da pr\u00e1tica esportiva. A destina\u00e7\u00e3o de recursos p\u00fablicos para esta finalidade promove inclus\u00e3o social, igualdade de oportunidades e fortalecimento do esporte no munic\u00edpio.","resultado":"","texto_original":"http://sapl.saofranciscodoguapore.ro.leg.br/media/sapl/public/materialegislativa/2025/4232/emenda_impositiva_n.63-2025_alessandra.pdf","data_ultima_atualizacao":"2025-12-17T11:14:30.449636-03:00","ip":"131.161.209.8","ultima_edicao":"2025-12-17T11:14:30.349301-03:00","tipo":27,"regime_tramitacao":3,"tipo_origem_externa":null,"local_origem_externa":null,"user":3,"anexadas":[],"autores":[72]}