{"id":4111,"__str__":"Projeto de Lei n\u00ba 164 de 2025","link_detail_backend":"/materia/4111","metadata":{"signs":{"texto_original":{"admin":[],"autores":[["Agnielde Benici Adorno",["2025-11-26T11:18:10-04:00","ICP-Brasil - Certificado PF A1"]],["Alessandra Varelo de Brito",["2025-11-26T11:17:15-04:00","ICP-Brasil - Certificado PF A1"]],["Braz Carlos Correia",["2025-11-26T11:20:56-04:00","ICP-Brasil - Certificado PF A1"]],["Eber Lopes Reis",["2025-11-26T11:37:50-04:00","ICP-Brasil - Certificado PF A1"]],["Geferson dos Santos",["2025-11-26T11:16:31-04:00","ICP-Brasil - Certificado PF A1"]],["Hermes Bordignon",["2025-11-26T11:22:26-04:00","ICP-Brasil - Certificado PF A1"]],["Ozias Alves dos Santos",["2025-11-26T11:35:18-04:00","ICP-Brasil - Certificado PF A1"]]]}}},"numero":164,"ano":2025,"numero_protocolo":810,"data_apresentacao":"2025-11-24","tipo_apresentacao":"E","data_publicacao":null,"numero_origem_externa":"","ano_origem_externa":null,"data_origem_externa":null,"apelido":"","dias_prazo":null,"data_fim_prazo":null,"em_tramitacao":false,"polemica":false,"objeto":"","complementar":false,"ementa":"\u201cDisp\u00f5e  sobre  Inclus\u00e3o  e Altera\u00e7\u00f5es  no  PPA,  LDO  e LOA,  e  Autoriza  o  Poder  Executivo  a Abertura  de Cr\u00e9dito Adicional Especial  Por  Excesso  de Arrecada\u00e7\u00e3o at\u00e9 o montante de R$ 166.060,00 (Cento e sessenta e seis mil e sessenta reais) em favor da Secretaria Municipal de Sa\u00fade - SEMUSA, e d\u00e1 outras provid\u00eancias\u201d","indexacao":"O Projeto de Lei em quest\u00e3o visa a inser\u00e7\u00e3o or\u00e7ament\u00e1ria do Recurso que se dar\u00e1  atrav\u00e9s  do  Excesso  de  Arrecada\u00e7\u00e3o  necess\u00e1ria  para atender as demandas com cuidados  integrados  em Otorrinolaringologia dentro da M\u00e9dia  e  Alta Complexidade. A implanta\u00e7\u00e3o  da  linha de  cuidado  em otorrinolaringologia por  meio das Cirurgias (OCIs) permitir\u00e1 o desenvolvimento de fluxos assistenciais mais \u00e1geis e  eficientes,  o  fortalecimento  da  Aten\u00e7\u00e3o  Prim\u00e1ria  na  coordena\u00e7\u00e3o  do  cuidado  e  a integra\u00e7\u00e3o al\u00e9m disso, contribuir\u00e1 para a redu\u00e7\u00e3o das filas e do tempo de espera por consultas,  exames  e  procedimentos de  otorrinolaringologia, garantindo  maior resolutividade  e  qualidade,  conforme  as devidas  categorias  relacionadas  no  projeto de  lei, faz-se  necess\u00e1ria  incluir para  o  bom  desempenho  da  secret\u00e1ria, visando  as necessidades  do  munic\u00edpio e respeitando  a  categoria  econ\u00f4mica necess\u00e1ria  para cobrir  as despesas. Recurso  da Bancada  de  Rond\u00f4nia de  N\u00b0 71230005 N\u00b0  da proposta 36000710331202500.","observacao":"","resultado":"","texto_original":"http://sapl.saofranciscodoguapore.ro.leg.br/media/sapl/public/materialegislativa/2025/4111/pl_no.164-2025_-_oci_otorrinolaringologista_-_r_166.06000_assinado.pdf","data_ultima_atualizacao":"2025-12-08T17:57:43.155954-03:00","ip":"131.161.209.8","ultima_edicao":"2025-12-08T17:57:42.439576-03:00","tipo":9,"regime_tramitacao":3,"tipo_origem_externa":null,"local_origem_externa":null,"user":3,"anexadas":[],"autores":[69]}