{"id":4073,"__str__":"Indica\u00e7\u00e3o n\u00ba 52 de 2025","link_detail_backend":"/materia/4073","metadata":{"signs":{"texto_original":{"admin":[],"autores":[["Agnielde Benici Adorno",["2025-11-12T12:35:26-04:00","ICP-Brasil - Certificado PF A1"]],["Alessandra Varelo de Brito",["2025-11-12T12:37:41-04:00","ICP-Brasil - Certificado PF A1"]],["Braz Carlos Correia",["2025-11-12T12:39:06-04:00","ICP-Brasil - Certificado PF A1"]],["Eber Lopes Reis",["2025-11-12T12:49:30-04:00","ICP-Brasil - Certificado PF A1"]],["Elias Andrade de Lima",["2025-11-12T12:40:32-04:00","ICP-Brasil - Certificado PF A1"]],["Geferson dos Santos",["2025-11-12T12:36:33-04:00","ICP-Brasil - Certificado PF A1"]],["Jorge Antonio Honorato de Souza",["2025-11-12T12:42:33-04:00","ICP-Brasil - Certificado PF A1"]],["Marcio Domingos dos Santos",["2025-11-12T12:44:32-04:00","ICP-Brasil - Certificado PF A1"]],["Marcio Souza Magalhaes",["2025-11-12T12:58:15-04:00","ICP-Brasil - Certificado PF A1"]],["Ozias Alves dos Santos",["2025-11-12T12:47:14-04:00","ICP-Brasil - Certificado PF A1"]]]}}},"numero":52,"ano":2025,"numero_protocolo":776,"data_apresentacao":"2025-11-07","tipo_apresentacao":"E","data_publicacao":null,"numero_origem_externa":"","ano_origem_externa":null,"data_origem_externa":null,"apelido":"","dias_prazo":null,"data_fim_prazo":null,"em_tramitacao":false,"polemica":false,"objeto":"","complementar":false,"ementa":"Indico que seja realizada a retirada da estrutura do balan\u00e7o antigo existente na Pra\u00e7a da Cidade Alta, para que seja feito o servi\u00e7o de manuten\u00e7\u00e3o e posterior reinstala\u00e7\u00e3o, garantindo melhores condi\u00e7\u00f5es de uso e seguran\u00e7a \u00e0s crian\u00e7as que frequentam o local.","indexacao":"","observacao":"A presente indica\u00e7\u00e3o tem por objetivo proporcionar melhorias na infraestrutura de lazer da Pra\u00e7a da Cidade Alta, assegurando que as crian\u00e7as possam usufruir do espa\u00e7o de forma segura e agrad\u00e1vel. A manuten\u00e7\u00e3o preventiva e corretiva da estrutura \u00e9 necess\u00e1ria para evitar acidentes e preservar o patrim\u00f4nio p\u00fablico. Certos de contar com apoio dos nobres vereadores, contamos com a vossa colabora\u00e7\u00e3o.","resultado":"","texto_original":"http://sapl.saofranciscodoguapore.ro.leg.br/media/sapl/public/materialegislativa/2025/4073/indicacao_no.52-2025-agnielde_assinado.pdf","data_ultima_atualizacao":"2025-11-12T14:07:31.002178-03:00","ip":"131.161.209.8","ultima_edicao":"2025-11-12T14:07:30.114390-03:00","tipo":5,"regime_tramitacao":3,"tipo_origem_externa":null,"local_origem_externa":null,"user":3,"anexadas":[],"autores":[70]}