{"id":4053,"__str__":"Projeto de Lei n\u00ba 143 de 2025","link_detail_backend":"/materia/4053","metadata":{"signs":{"texto_original":{"admin":[],"autores":[["Agnielde Benici Adorno",["2025-11-11T10:11:03-04:00","ICP-Brasil - Certificado PF A1"]],["Alessandra Varelo de Brito",["2025-11-11T09:57:03-04:00","ICP-Brasil - Certificado PF A1"]],["Braz Carlos Correia",["2025-11-11T09:58:01-04:00","ICP-Brasil - Certificado PF A1"]],["Eber Lopes Reis",["2025-11-11T10:27:58-04:00","ICP-Brasil - Certificado PF A1"]],["Elias Andrade de Lima",["2025-11-11T10:12:18-04:00","ICP-Brasil - Certificado PF A1"]],["Geferson dos Santos",["2025-11-11T09:56:16-04:00","ICP-Brasil - Certificado PF A1"]],["Jorge Antonio Honorato de Souza",["2025-11-11T10:23:19-04:00","ICP-Brasil - Certificado PF A1"]],["Marcio Domingos dos Santos",["2025-11-11T10:24:32-04:00","ICP-Brasil - Certificado PF A1"]],["Marcio Souza Magalhaes",["2025-11-11T10:30:11-04:00","ICP-Brasil - Certificado PF A1"]],["Ozias Alves dos Santos",["2025-11-11T10:25:48-04:00","ICP-Brasil - Certificado PF A1"]]]}}},"numero":143,"ano":2025,"numero_protocolo":756,"data_apresentacao":"2025-10-29","tipo_apresentacao":"E","data_publicacao":null,"numero_origem_externa":"","ano_origem_externa":null,"data_origem_externa":null,"apelido":"","dias_prazo":null,"data_fim_prazo":null,"em_tramitacao":false,"polemica":false,"objeto":"","complementar":false,"ementa":"\u201cDisp\u00f5e  sobre Inclus\u00e3o  e Altera\u00e7\u00e3o no  PPA,  LDO  e  LOA,  e Autoriza  o  Poder  Executivo  a Abrir  Cr\u00e9dito Adicional Especial por Super\u00e1vit  Financeiro at\u00e9  o  montante  de  R$ 183.000,00 (Cento  e  oitenta  e  tr\u00eas  mil  reais), em favor  da unidade  or\u00e7ament\u00e1ria do  Instituto  Municipal  de  Previd\u00eancia  dos Servidores, no Or\u00e7amento Vigente, e d\u00e1 outras provid\u00eancias.\u201d","indexacao":"O  recurso  objeto  do Projeto  de  Lei em  quest\u00e3o visa a  cria\u00e7\u00e3o  de  ficha  por super\u00e1vit  para  cumprir  com  as  despesas  da  reforma das instala\u00e7\u00f5es do  Instituto Municipal  da  Previd\u00eancia aonde  se  encontra  com  estado  de  extrema  necessidade, do Instituto Munic. De Prev. Social dos Servidores \u2013 IMPES.","observacao":"","resultado":"","texto_original":"http://sapl.saofranciscodoguapore.ro.leg.br/media/sapl/public/materialegislativa/2025/4053/pl_no.143-2025_-_reforma_impes_-_r_183.00000_assinado.pdf","data_ultima_atualizacao":"2025-11-13T14:08:28.474305-03:00","ip":"131.161.209.8","ultima_edicao":"2025-11-12T10:41:32.882203-03:00","tipo":9,"regime_tramitacao":3,"tipo_origem_externa":null,"local_origem_externa":null,"user":3,"anexadas":[],"autores":[69]}