{"id":4036,"__str__":"Requerimento n\u00ba 609 de 2025","link_detail_backend":"/materia/4036","metadata":{"signs":{"texto_original":{"admin":[],"autores":[["Agnielde Benici Adorno",["2025-10-30T09:52:36-04:00","ICP-Brasil - Certificado PF A1"]],["Alessandra Varelo de Brito",["2025-10-30T09:34:47-04:00","ICP-Brasil - Certificado PF A1"]],["Braz Carlos Correia",["2025-10-30T09:53:47-04:00","ICP-Brasil - Certificado PF A1"]],["Eber Lopes Reis",["2025-10-30T10:07:24-04:00","ICP-Brasil - Certificado PF A1"]],["Elias Andrade de Lima",["2025-10-30T09:55:21-04:00","ICP-Brasil - Certificado PF A1"]],["Geferson dos Santos",["2025-10-30T09:33:14-04:00","ICP-Brasil - Certificado PF A1"]],["Hermes Bordignon",["2025-10-30T09:57:59-04:00","ICP-Brasil - Certificado PF A1"]],["Jorge Antonio Honorato de Souza",["2025-10-30T10:00:31-04:00","ICP-Brasil - Certificado PF A1"]],["Marcio Domingos dos Santos",["2025-10-30T09:25:16-04:00","ICP-Brasil - Certificado PF A1"]],["Marcio Souza Magalhaes",["2025-10-30T10:09:41-04:00","ICP-Brasil - Certificado PF A1"]],["Ozias Alves dos Santos",["2025-10-30T10:04:09-04:00","ICP-Brasil - Certificado PF A1"]]]}}},"numero":609,"ano":2025,"numero_protocolo":742,"data_apresentacao":"2025-10-22","tipo_apresentacao":"E","data_publicacao":null,"numero_origem_externa":"","ano_origem_externa":null,"data_origem_externa":null,"apelido":"","dias_prazo":null,"data_fim_prazo":null,"em_tramitacao":false,"polemica":false,"objeto":"","complementar":false,"ementa":"Requer a instala\u00e7\u00e3o de um redutor de velocidade (quebra-molas) e de uma placa de identifica\u00e7\u00e3o no cruzamento da Linha 01 com a Linha Santo Ant\u00f4nio, zona rural do Munic\u00edpio de S\u00e3o Francisco do Guapor\u00e9\u2013 RO.","indexacao":"","observacao":"Tal solicita\u00e7\u00e3o atende ao pedido dos moradores e produtores rurais da regi\u00e3o, que relatam o intenso fluxo de ve\u00edculos e o risco constante de acidentes naquele trecho, especialmente devido \u00e0 falta de sinaliza\u00e7\u00e3o e \u00e0 alta velocidade de alguns condutores.\r\n        A implanta\u00e7\u00e3o do quebra-molas contribuir\u00e1 significativamente para a seguran\u00e7a de motoristas, ciclistas e pedestres, enquanto a instala\u00e7\u00e3o da placa de identifica\u00e7\u00e3o facilitar\u00e1 a orienta\u00e7\u00e3o e o acesso dos cidad\u00e3os e visitantes \u00e0s propriedades locais.\r\nDiante do exposto, considerando a relev\u00e2ncia da medida para a seguran\u00e7a e organiza\u00e7\u00e3o do tr\u00e1fego rural, requer-se a aten\u00e7\u00e3o e provid\u00eancias do Poder Executivo Municipal para a execu\u00e7\u00e3o deste pedido com a maior brevidade poss\u00edvel.","resultado":"","texto_original":"http://sapl.saofranciscodoguapore.ro.leg.br/media/sapl/public/materialegislativa/2025/4036/requerimento_no.609-2025-marcio_assinado.pdf","data_ultima_atualizacao":"2025-11-11T14:19:16.229221-03:00","ip":"131.161.209.8","ultima_edicao":"2025-10-30T13:37:52.738605-03:00","tipo":14,"regime_tramitacao":3,"tipo_origem_externa":null,"local_origem_externa":null,"user":3,"anexadas":[],"autores":[71]}