{"id":4033,"__str__":"Requerimento n\u00ba 607 de 2025","link_detail_backend":"/materia/4033","metadata":{"signs":{"texto_original":{"admin":[],"autores":[["Agnielde Benici Adorno",["2025-10-22T10:57:57-04:00","ICP-Brasil - Certificado PF A1"]],["Alessandra Varelo de Brito",["2025-10-22T10:57:27-04:00","ICP-Brasil - Certificado PF A1"]],["Braz Carlos Correia",["2025-10-22T11:00:38-04:00","ICP-Brasil - Certificado PF A1"]],["Eber Lopes Reis",["2025-10-22T10:56:05-04:00","ICP-Brasil - Certificado PF A1"]],["Elias Andrade de Lima",["2025-10-22T11:02:11-04:00","ICP-Brasil - Certificado PF A1"]],["Geferson dos Santos",["2025-10-22T10:56:33-04:00","ICP-Brasil - Certificado PF A1"]],["Jorge Antonio Honorato de Souza",["2025-10-22T11:02:59-04:00","ICP-Brasil - Certificado PF A1"]],["Marcio Domingos dos Santos",["2025-10-22T11:03:48-04:00","ICP-Brasil - Certificado PF A1"]],["Marcio Souza Magalhaes",["2025-10-22T11:05:09-04:00","ICP-Brasil - Certificado PF A1"]],["Ozias Alves dos Santos",["2025-10-22T11:04:29-04:00","ICP-Brasil - Certificado PF A1"]]]}}},"numero":607,"ano":2025,"numero_protocolo":null,"data_apresentacao":"2025-10-20","tipo_apresentacao":"E","data_publicacao":"2025-10-20","numero_origem_externa":"607","ano_origem_externa":2025,"data_origem_externa":"2025-10-20","apelido":"","dias_prazo":null,"data_fim_prazo":"2025-10-20","em_tramitacao":false,"polemica":false,"objeto":"","complementar":false,"ementa":"\"Solicitando esclarecimentos urgentes \u00e0 Prefeitura Municipal sobre a origem e o fundamento legal da exig\u00eancia imediata do Alvar\u00e1 do Corpo de Bombeiros (AVCB) para a concess\u00e3o do Alvar\u00e1 de Funcionamento, sem a concess\u00e3o de prazo h\u00e1bil para a regulariza\u00e7\u00e3o de com\u00e9rcios, institui\u00e7\u00f5es e igrejas.\"","indexacao":"INFORMA\u00c7\u00d5ES DETALHADAS E DOCUMENTOS COMPROBAT\u00d3RIOS SOBRE A ORIGEM DA EXIG\u00caNCIA FOR\u00c7ADA E IMEDIATA DO ALVAR\u00c1 DO CORPO DE BOMBEIROS (AVCB) COMO PR\u00c9-REQUISITO PARA A OBTEN\u00c7\u00c3O DO ALVAR\u00c1 DE FUNCIONAMENTO MUNICIPAL, SEM A CONCESS\u00c3O DE PRAZO DE CAR\u00caNCIA.","observacao":"INFORMA\u00c7\u00d5ES DETALHADAS E DOCUMENTOS COMPROBAT\u00d3RIOS SOBRE A ORIGEM DA EXIG\u00caNCIA FOR\u00c7ADA E IMEDIATA DO ALVAR\u00c1 DO CORPO DE BOMBEIROS (AVCB) COMO PR\u00c9-REQUISITO PARA A OBTEN\u00c7\u00c3O DO ALVAR\u00c1 DE FUNCIONAMENTO MUNICIPAL, SEM A CONCESS\u00c3O DE PRAZO DE CAR\u00caNCIA.","resultado":"","texto_original":"http://sapl.saofranciscodoguapore.ro.leg.br/media/sapl/public/materialegislativa/2025/4033/requerimento_no.607-2025-eber_assinado.pdf","data_ultima_atualizacao":"2025-11-11T14:04:19.440288-03:00","ip":"131.161.209.8","ultima_edicao":"2025-10-22T13:01:35.495786-03:00","tipo":14,"regime_tramitacao":3,"tipo_origem_externa":14,"local_origem_externa":3,"user":3,"anexadas":[],"autores":[63]}