{"id":4025,"__str__":"Requerimento n\u00ba 603 de 2025","link_detail_backend":"/materia/4025","metadata":{"signs":{"texto_original":{"admin":[],"autores":[["Agnielde Benici Adorno",["2025-10-22T11:08:35-04:00","ICP-Brasil - Certificado PF A1"]],["Alessandra Varelo de Brito",["2025-10-22T11:07:43-04:00","ICP-Brasil - Certificado PF A1"]],["Braz Carlos Correia",["2025-10-22T11:09:27-04:00","ICP-Brasil - Certificado PF A1"]],["Eber Lopes Reis",["2025-10-22T11:06:07-04:00","ICP-Brasil - Certificado PF A1"]],["Elias Andrade de Lima",["2025-10-22T11:10:35-04:00","ICP-Brasil - Certificado PF A1"]],["Geferson dos Santos",["2025-10-22T11:07:01-04:00","ICP-Brasil - Certificado PF A1"]],["Jorge Antonio Honorato de Souza",["2025-10-22T11:11:43-04:00","ICP-Brasil - Certificado PF A1"]],["Marcio Domingos dos Santos",["2025-10-22T11:14:13-04:00","ICP-Brasil - Certificado PF A1"]],["Marcio Souza Magalhaes",["2025-10-22T11:17:13-04:00","ICP-Brasil - Certificado PF A1"]],["Ozias Alves dos Santos",["2025-10-22T11:15:44-04:00","ICP-Brasil - Certificado PF A1"]]]}}},"numero":603,"ano":2025,"numero_protocolo":null,"data_apresentacao":"2025-10-17","tipo_apresentacao":"E","data_publicacao":null,"numero_origem_externa":"","ano_origem_externa":null,"data_origem_externa":null,"apelido":"","dias_prazo":null,"data_fim_prazo":null,"em_tramitacao":false,"polemica":false,"objeto":"","complementar":false,"ementa":"Solicitando a instala\u00e7\u00e3o urgente de lumin\u00e1ria p\u00fablica em poste na esquina da Rua Campos Sales com a Rua Jorge Amado, Bairro Para\u00edso, destacando a aus\u00eancia de ilumina\u00e7\u00e3o no acesso \u00e0s resid\u00eancias populares.","indexacao":"","observacao":"O presente Requerimento se faz necess\u00e1rio e urgente, pois a falta de ilumina\u00e7\u00e3o no ponto exato da esquina da Rua Campos Sales com a Rua Jorge Amado tem causado grande preocupa\u00e7\u00e3o aos moradores do Bairro Para\u00edso.\r\n A aus\u00eancia de uma lumin\u00e1ria adequada neste ponto estrat\u00e9gico agrava a situa\u00e7\u00e3o de inseguran\u00e7a no entorno, especialmente porque:\r\n A Rua Jorge Amado, neste trecho, notadamente no acesso \u00e0s resid\u00eancias populares adjacentes, carece de rede de subesta\u00e7\u00e3o el\u00e9trica (energia) e de ilumina\u00e7\u00e3o b\u00e1sica, o que provoca uma escurid\u00e3o total e perigosa. Os estudantes que frequentam aulas no per\u00edodo noturno, bem como a popula\u00e7\u00e3o que reside ou trafega nas imedia\u00e7\u00f5es, ficam extremamente vulner\u00e1veis a assaltos, furtos e acidentes devido \u00e0 baixa ou inexistente visibilidade.\r\n A instala\u00e7\u00e3o desta lumin\u00e1ria \u00e9 crucial para mitigar os riscos sociais e de seguran\u00e7a na localidade, garantindo o direito constitucional de ir e vir com dignidade aos moradores e estudantes.","resultado":"","texto_original":"http://sapl.saofranciscodoguapore.ro.leg.br/media/sapl/public/materialegislativa/2025/4025/requerimento_no.603-2025-eber_assinado.pdf","data_ultima_atualizacao":"2025-11-11T14:03:50.912733-03:00","ip":"131.161.209.8","ultima_edicao":"2025-10-22T12:59:39.284537-03:00","tipo":14,"regime_tramitacao":3,"tipo_origem_externa":null,"local_origem_externa":null,"user":3,"anexadas":[],"autores":[63]}