{"id":4024,"__str__":"Requerimento n\u00ba 602 de 2025","link_detail_backend":"/materia/4024","metadata":{"signs":{"texto_original":{"admin":[],"autores":[["Agnielde Benici Adorno",["2025-10-22T11:08:25-04:00","ICP-Brasil - Certificado PF A1"]],["Alessandra Varelo de Brito",["2025-10-22T11:07:35-04:00","ICP-Brasil - Certificado PF A1"]],["Braz Carlos Correia",["2025-10-22T11:09:16-04:00","ICP-Brasil - Certificado PF A1"]],["Eber Lopes Reis",["2025-10-22T11:06:03-04:00","ICP-Brasil - Certificado PF A1"]],["Elias Andrade de Lima",["2025-10-22T11:10:21-04:00","ICP-Brasil - Certificado PF A1"]],["Geferson dos Santos",["2025-10-22T11:06:55-04:00","ICP-Brasil - Certificado PF A1"]],["Jorge Antonio Honorato de Souza",["2025-10-22T11:11:27-04:00","ICP-Brasil - Certificado PF A1"]],["Marcio Domingos dos Santos",["2025-10-22T11:13:55-04:00","ICP-Brasil - Certificado PF A1"]],["Marcio Souza Magalhaes",["2025-10-22T11:16:51-04:00","ICP-Brasil - Certificado PF A1"]],["Ozias Alves dos Santos",["2025-10-22T11:15:23-04:00","ICP-Brasil - Certificado PF A1"]]]}}},"numero":602,"ano":2025,"numero_protocolo":null,"data_apresentacao":"2025-10-17","tipo_apresentacao":"E","data_publicacao":null,"numero_origem_externa":"","ano_origem_externa":null,"data_origem_externa":null,"apelido":"","dias_prazo":null,"data_fim_prazo":null,"em_tramitacao":false,"polemica":false,"objeto":"","complementar":false,"ementa":"Solicitando a troca de l\u00e2mpada queimada em poste localizado na esquina da antiga Escola Maria Marta, no final da Rua Jorge Amado, Bairro Para\u00edso.","indexacao":"","observacao":"O presente Requerimento se faz necess\u00e1rio e urgente, pois a l\u00e2mpada queimada no final da Rua Jorge Amado representa um grave problema de seguran\u00e7a e trafegabilidade para os moradores do Bairro Para\u00edso.\r\n Este ponto em espec\u00edfico \u00e9 crucial, pois est\u00e1 localizado pr\u00f3ximo \u00e0s casinhas populares e serve como via de acesso e de passagem para a comunidade local, incluindo estudantes e trabalhadores que circulam \u00e0 noite.\r\n A perman\u00eancia da escurid\u00e3o neste local, causada pela l\u00e2mpada inoperante, resulta em: Aumento da vulnerabilidade e da inseguran\u00e7a para os moradores, facilitando a ocorr\u00eancia de delitos. Risco de acidentes para pedestres e ve\u00edculos devido \u00e0 aus\u00eancia de visibilidade.\r\n Considerando que a manuten\u00e7\u00e3o da ilumina\u00e7\u00e3o p\u00fablica \u00e9 um servi\u00e7o essencial de responsabilidade do munic\u00edpio, solicitamos a m\u00e1xima urg\u00eancia na troca da referida l\u00e2mpada, a fim de restabelecer a seguran\u00e7a e o bem-estar dos cidad\u00e3os que residem e transitam pela regi\u00e3o.","resultado":"","texto_original":"http://sapl.saofranciscodoguapore.ro.leg.br/media/sapl/public/materialegislativa/2025/4024/requerimento_no.602-2025-eber_assinado.pdf","data_ultima_atualizacao":"2025-11-11T14:03:50.289392-03:00","ip":"131.161.209.8","ultima_edicao":"2025-10-22T12:59:20.628093-03:00","tipo":14,"regime_tramitacao":3,"tipo_origem_externa":null,"local_origem_externa":null,"user":3,"anexadas":[],"autores":[63]}