{"id":4022,"__str__":"Requerimento n\u00ba 600 de 2025","link_detail_backend":"/materia/4022","metadata":{"signs":{"texto_original":{"admin":[],"autores":[["Agnielde Benici Adorno",["2025-10-22T10:44:54-04:00","ICP-Brasil - Certificado PF A1"]],["Alessandra Varelo de Brito",["2025-10-22T10:43:57-04:00","ICP-Brasil - Certificado PF A1"]],["Braz Carlos Correia",["2025-10-22T10:46:02-04:00","ICP-Brasil - Certificado PF A1"]],["Eber Lopes Reis",["2025-10-22T10:42:05-04:00","ICP-Brasil - Certificado PF A1"]],["Geferson dos Santos",["2025-10-22T10:43:09-04:00","ICP-Brasil - Certificado PF A1"]],["Jorge Antonio Honorato de Souza",["2025-10-22T10:48:09-04:00","ICP-Brasil - Certificado PF A1"]],["Marcio Domingos dos Santos",["2025-10-22T10:49:40-04:00","ICP-Brasil - Certificado PF A1"]],["Marcio Souza Magalhaes",["2025-10-22T10:52:57-04:00","ICP-Brasil - Certificado PF A1"]],["Ozias Alves dos Santos",["2025-10-22T10:51:16-04:00","ICP-Brasil - Certificado PF A1"]]]}}},"numero":600,"ano":2025,"numero_protocolo":null,"data_apresentacao":"2025-10-17","tipo_apresentacao":"E","data_publicacao":null,"numero_origem_externa":"","ano_origem_externa":null,"data_origem_externa":null,"apelido":"","dias_prazo":null,"data_fim_prazo":null,"em_tramitacao":false,"polemica":false,"objeto":"","complementar":false,"ementa":"Solicitando \u00e0 Secretaria Municipal de Sa\u00fade a ativa\u00e7\u00e3o urgente de todos os atendimentos odontol\u00f3gicos nas UBSs e a garantia do direito de acesso da popula\u00e7\u00e3o ao servi\u00e7o de pr\u00f3tese dent\u00e1ria.","indexacao":"","observacao":"O presente Requerimento visa atender a uma necessidade fundamental e de grande impacto na sa\u00fade e na dignidade da popula\u00e7\u00e3o de S\u00e3o Francisco do Guapor\u00e9.\r\n A sa\u00fade bucal \u00e9 parte essencial da sa\u00fade integral do indiv\u00edduo, e a falta de acesso a servi\u00e7os odontol\u00f3gicos completos nas UBSs, incluindo a confec\u00e7\u00e3o de pr\u00f3teses dent\u00e1rias,acarreta graves consequ\u00eancias, tais como:\r\n Preju\u00edzo \u00e0 Sa\u00fade: A aus\u00eancia de dentes dificulta a mastiga\u00e7\u00e3o, prejudicando a digest\u00e3o e a nutri\u00e7\u00e3o.\r\n Impacto Social e Psicol\u00f3gico: A falta de pr\u00f3teses afeta a autoestima, a comunica\u00e7\u00e3o e as rela\u00e7\u00f5es sociais dos cidad\u00e3os.\r\n Direito de Cidadania: O Programa Brasil Sorridente (Pol\u00edtica Nacional de Sa\u00fade Bucal) j\u00e1 prev\u00ea a Reabilita\u00e7\u00e3o Prot\u00e9tica, sendo dever do munic\u00edpio garantir a efetiva\u00e7\u00e3o deste direito \u00e0 popula\u00e7\u00e3o.\r\n A reativa\u00e7\u00e3o plena de todos os gabinetes odontol\u00f3gicos nas UBSs, juntamente com a inclus\u00e3o do servi\u00e7o de pr\u00f3tese dent\u00e1ria na rede municipal, ir\u00e1 proporcionar n\u00e3o apenas o tratamento curativo e preventivo, mas tamb\u00e9m a reabilita\u00e7\u00e3o funcional dos cidad\u00e3os, restaurando sua dignidade, sa\u00fade e qualidade de vida.","resultado":"","texto_original":"http://sapl.saofranciscodoguapore.ro.leg.br/media/sapl/public/materialegislativa/2025/4022/requerimento_no.600-2025-eber_assinado.pdf","data_ultima_atualizacao":"2025-11-11T14:03:49.036759-03:00","ip":"131.161.209.8","ultima_edicao":"2025-10-22T12:54:34.979927-03:00","tipo":14,"regime_tramitacao":3,"tipo_origem_externa":null,"local_origem_externa":null,"user":3,"anexadas":[],"autores":[63]}