{"id":4021,"__str__":"Requerimento n\u00ba 599 de 2025","link_detail_backend":"/materia/4021","metadata":{"signs":{"texto_original":{"admin":[],"autores":[["Agnielde Benici Adorno",["2025-10-22T10:44:44-04:00","ICP-Brasil - Certificado PF A1"]],["Alessandra Varelo de Brito",["2025-10-22T10:43:50-04:00","ICP-Brasil - Certificado PF A1"]],["Braz Carlos Correia",["2025-10-22T10:45:50-04:00","ICP-Brasil - Certificado PF A1"]],["Eber Lopes Reis",["2025-10-22T10:42:01-04:00","ICP-Brasil - Certificado PF A1"]],["Geferson dos Santos",["2025-10-22T10:43:03-04:00","ICP-Brasil - Certificado PF A1"]],["Jorge Antonio Honorato de Souza",["2025-10-22T10:47:55-04:00","ICP-Brasil - Certificado PF A1"]],["Marcio Domingos dos Santos",["2025-10-22T10:49:25-04:00","ICP-Brasil - Certificado PF A1"]],["Marcio Souza Magalhaes",["2025-10-22T10:52:37-04:00","ICP-Brasil - Certificado PF A1"]],["Ozias Alves dos Santos",["2025-10-22T10:50:58-04:00","ICP-Brasil - Certificado PF A1"]]]}}},"numero":599,"ano":2025,"numero_protocolo":null,"data_apresentacao":"2025-10-17","tipo_apresentacao":"E","data_publicacao":null,"numero_origem_externa":"","ano_origem_externa":null,"data_origem_externa":null,"apelido":"","dias_prazo":null,"data_fim_prazo":null,"em_tramitacao":false,"polemica":false,"objeto":"","complementar":false,"ementa":"Solicitando \u00e0 Secretaria Municipal de Assist\u00eancia Social informa\u00e7\u00f5es detalhadas sobre a quantidade e a situa\u00e7\u00e3o dos Conselhos Setoriais ativos no munic\u00edpio.","indexacao":"","observacao":"O presente Requerimento visa cumprir a fun\u00e7\u00e3o constitucional de fiscaliza\u00e7\u00e3o do Poder Legislativo e garantir a transpar\u00eancia e a efetividade da participa\u00e7\u00e3o social na gest\u00e3o p\u00fablica.\r\n Os Conselhos Setoriais (como o Conselho Municipal de Assist\u00eancia Social - CMAS,Conselho Municipal dos Direitos da Crian\u00e7a e do Adolescente - CMDCA, Conselho de Sa\u00fade,etc.) s\u00e3o instrumentos vitais de controle social e de delibera\u00e7\u00e3o das pol\u00edticas p\u00fablicas em nosso munic\u00edpio.\r\n \u00c9 de fundamental import\u00e2ncia para este Poder Legislativo e para a comunidade obter os seguintes esclarecimentos:\r\nRela\u00e7\u00e3o dos Conselhos Ativos: Quais Conselhos Setoriais est\u00e3o formalmente ativos e em pleno funcionamento (com atas de reuni\u00e3o e membros nomeados)? Situa\u00e7\u00e3o das Elei\u00e7\u00f5es:\r\nual o status da realiza\u00e7\u00e3o das elei\u00e7\u00f5es e/ou nomea\u00e7\u00f5es dos membros da sociedade civil e governamentais de cada Conselho? Regularidade: Quais Conselhos est\u00e3o com sua composi\u00e7\u00e3o regularizada e suas atividades dentro do cronograma regimental?\r\n A posse destas informa\u00e7\u00f5es permitir\u00e1 que o Poder Legislativo avalie a sa\u00fade institucional da participa\u00e7\u00e3o popular em nosso munic\u00edpio e adote as medidas necess\u00e1rias para fortalecer os canais de controle social, conforme determina a legisla\u00e7\u00e3o.","resultado":"","texto_original":"http://sapl.saofranciscodoguapore.ro.leg.br/media/sapl/public/materialegislativa/2025/4021/requerimento_no.599-2025-eber_assinado.pdf","data_ultima_atualizacao":"2025-11-11T14:03:48.437990-03:00","ip":"131.161.209.8","ultima_edicao":"2025-10-22T12:48:34.922342-03:00","tipo":14,"regime_tramitacao":3,"tipo_origem_externa":null,"local_origem_externa":null,"user":3,"anexadas":[],"autores":[63]}