{"id":4015,"__str__":"Requerimento n\u00ba 594 de 2025","link_detail_backend":"/materia/4015","metadata":{"signs":{"texto_original":{"admin":[],"autores":[["Agnielde Benici Adorno",["2025-10-22T09:59:33-04:00","ICP-Brasil - Certificado PF A1"]],["Alessandra Varelo de Brito",["2025-10-22T10:01:11-04:00","ICP-Brasil - Certificado PF A1"]],["Braz Carlos Correia",["2025-10-22T10:02:06-04:00","ICP-Brasil - Certificado PF A1"]],["Eber Lopes Reis",["2025-10-22T10:11:52-04:00","ICP-Brasil - Certificado PF A1"]],["Elias Andrade de Lima",["2025-10-22T10:03:33-04:00","ICP-Brasil - Certificado PF A1"]],["Geferson dos Santos",["2025-10-22T10:00:19-04:00","ICP-Brasil - Certificado PF A1"]],["Jorge Antonio Honorato de Souza",["2025-10-22T10:05:26-04:00","ICP-Brasil - Certificado PF A1"]],["Marcio Domingos dos Santos",["2025-10-22T10:07:10-04:00","ICP-Brasil - Certificado PF A1"]],["Marcio Souza Magalhaes",["2025-10-22T10:13:50-04:00","ICP-Brasil - Certificado PF A1"]],["Ozias Alves dos Santos",["2025-10-22T10:09:20-04:00","ICP-Brasil - Certificado PF A1"]]]}}},"numero":594,"ano":2025,"numero_protocolo":734,"data_apresentacao":"2025-10-17","tipo_apresentacao":"E","data_publicacao":null,"numero_origem_externa":"","ano_origem_externa":null,"data_origem_externa":null,"apelido":"","dias_prazo":null,"data_fim_prazo":null,"em_tramitacao":false,"polemica":false,"objeto":"","complementar":false,"ementa":"Requer junto \u00e0 Secretaria Municipal de Educa\u00e7\u00e3o que seja providenciada a substitui\u00e7\u00e3o dos vidros quebrados de algumas janelas das salas da Escola Clodoaldo Splicigo.","indexacao":"","observacao":"Conforme  em visita \u00e0s depend\u00eancias da escola, constatou-se a necessidade de substitui\u00e7\u00e3o dos vidros de algumas janelas quebrados das salas.\r\nEssa medida \u00e9 essencial para garantir a seguran\u00e7a dos alunos e servidores, al\u00e9m de melhorar as condi\u00e7\u00f5es de conforto e preserva\u00e7\u00e3o do ambiente escolar, evitando a entrada de chuva, vento e insetos.\r\nA substitui\u00e7\u00e3o dos vidros contribui diretamente para manter a escola em boas condi\u00e7\u00f5es estruturais e proporcionar um espa\u00e7o mais adequado para o aprendizado. Diante disso, conto com o apoio dos nobres colegas vereadores para atender a esta importante demanda.","resultado":"","texto_original":"http://sapl.saofranciscodoguapore.ro.leg.br/media/sapl/public/materialegislativa/2025/4015/requerimento_no.594-2025-agnielde_assinado.pdf","data_ultima_atualizacao":"2025-11-11T14:03:45.201491-03:00","ip":"131.161.209.8","ultima_edicao":"2025-10-22T12:46:02.430958-03:00","tipo":14,"regime_tramitacao":3,"tipo_origem_externa":null,"local_origem_externa":null,"user":3,"anexadas":[],"autores":[70]}