{"id":4012,"__str__":"Requerimento n\u00ba 592 de 2025","link_detail_backend":"/materia/4012","metadata":{"signs":{"texto_original":{"admin":[],"autores":[["Agnielde Benici Adorno",["2025-10-22T09:59:40-04:00","ICP-Brasil - Certificado PF A1"]],["Alessandra Varelo de Brito",["2025-10-22T10:01:26-04:00","ICP-Brasil - Certificado PF A1"]],["Braz Carlos Correia",["2025-10-22T10:02:28-04:00","ICP-Brasil - Certificado PF A1"]],["Eber Lopes Reis",["2025-10-22T10:12:33-04:00","ICP-Brasil - Certificado PF A1"]],["Elias Andrade de Lima",["2025-10-22T10:03:57-04:00","ICP-Brasil - Certificado PF A1"]],["Geferson dos Santos",["2025-10-22T10:00:31-04:00","ICP-Brasil - Certificado PF A1"]],["Jorge Antonio Honorato de Souza",["2025-10-22T10:05:57-04:00","ICP-Brasil - Certificado PF A1"]],["Marcio Domingos dos Santos",["2025-10-22T10:07:42-04:00","ICP-Brasil - Certificado PF A1"]],["Marcio Souza Magalhaes",["2025-10-22T10:14:52-04:00","ICP-Brasil - Certificado PF A1"]],["Ozias Alves dos Santos",["2025-10-22T10:09:56-04:00","ICP-Brasil - Certificado PF A1"]]]}}},"numero":592,"ano":2025,"numero_protocolo":731,"data_apresentacao":"2025-10-16","tipo_apresentacao":"E","data_publicacao":null,"numero_origem_externa":"","ano_origem_externa":null,"data_origem_externa":null,"apelido":"","dias_prazo":null,"data_fim_prazo":null,"em_tramitacao":false,"polemica":false,"objeto":"","complementar":false,"ementa":"Requer junto \u00e0 Secretaria Municipal de Infraestrutura e Servi\u00e7os P\u00fablicos, que sejam instaladas Rede para ilumina\u00e7\u00e3o nas quadras de v\u00f4lei da  Pra\u00e7a Denominada  Pra\u00e7a Municipal Marcos Maciel \u201cPeninha\u201d do bairro alto alegre.","indexacao":"","observacao":"A instala\u00e7\u00e3o de ilumina\u00e7\u00e3o adequada nas quadras de v\u00f4lei da Pra\u00e7a da B\u00edblia permitir\u00e1 que a popula\u00e7\u00e3o utilize o espa\u00e7o com mais seguran\u00e7a tamb\u00e9m no per\u00edodo noturno. Al\u00e9m de incentivar a pr\u00e1tica esportiva e a conviv\u00eancia social, a medida garante que crian\u00e7as e jovens fiquem protegidos em um ambiente iluminado, evitando situa\u00e7\u00f5es de risco e contribuindo para a valoriza\u00e7\u00e3o dos espa\u00e7os p\u00fablicos do munic\u00edpio. Conto com apoio dos nobres colegas vereadores.","resultado":"","texto_original":"http://sapl.saofranciscodoguapore.ro.leg.br/media/sapl/public/materialegislativa/2025/4012/requerimento_no.592-2025-agnielde_assinado.pdf","data_ultima_atualizacao":"2025-11-11T14:03:43.890447-03:00","ip":"131.161.209.8","ultima_edicao":"2025-10-22T13:03:09.318810-03:00","tipo":14,"regime_tramitacao":3,"tipo_origem_externa":null,"local_origem_externa":null,"user":3,"anexadas":[],"autores":[70]}