{"id":4003,"__str__":"Requerimento n\u00ba 585 de 2025","link_detail_backend":"/materia/4003","metadata":{"signs":{"texto_original":{"admin":[],"autores":[["Alessandra Varelo de Brito",["2025-10-16T08:55:37-04:00","ICP-Brasil - Certificado PF A1"]],["Elias Andrade de Lima",["2025-10-16T08:56:14-04:00","ICP-Brasil - Certificado PF A1"]],["Geferson dos Santos",["2025-10-16T08:55:04-04:00","ICP-Brasil - Certificado PF A1"]],["Hermes Bordignon",["2025-10-16T08:57:00-04:00","ICP-Brasil - Certificado PF A1"]],["Marcio Souza Magalhaes",["2025-10-16T08:54:29-04:00","ICP-Brasil - Certificado PF A1"]],["Ozias Alves dos Santos",["2025-10-16T08:57:52-04:00","ICP-Brasil - Certificado PF A1"]]]}}},"numero":585,"ano":2025,"numero_protocolo":722,"data_apresentacao":"2025-10-10","tipo_apresentacao":"","data_publicacao":null,"numero_origem_externa":"","ano_origem_externa":null,"data_origem_externa":null,"apelido":"","dias_prazo":null,"data_fim_prazo":null,"em_tramitacao":false,"polemica":false,"objeto":"","complementar":false,"ementa":"Solicita\u00e7\u00e3o de subven\u00e7\u00e3o social para a Igreja da Comunidade de Pedras Negras.","indexacao":"","observacao":"","resultado":"","texto_original":"http://sapl.saofranciscodoguapore.ro.leg.br/media/sapl/public/materialegislativa/2025/4003/requerimento_no.585-2025-profmarcio_assinado.pdf","data_ultima_atualizacao":"2025-10-16T11:07:50.730135-03:00","ip":"131.161.209.8","ultima_edicao":"2025-10-16T11:07:50.141694-03:00","tipo":14,"regime_tramitacao":3,"tipo_origem_externa":null,"local_origem_externa":null,"user":3,"anexadas":[],"autores":[73]}