{"id":3984,"__str__":"Anteprojeto de Lei n\u00ba 26 de 2025","link_detail_backend":"/materia/3984","metadata":{"signs":{"texto_original":{"admin":[],"autores":[["Agnielde Benici Adorno",["2025-10-21T10:13:46-04:00","ICP-Brasil - Certificado PF A1"]],["Alessandra Varelo de Brito",["2025-10-21T10:12:56-04:00","ICP-Brasil - Certificado PF A1"]],["Braz Carlos Correia",["2025-10-21T10:14:45-04:00","ICP-Brasil - Certificado PF A1"]],["Eber Lopes Reis",["2025-10-21T10:11:09-04:00","ICP-Brasil - Certificado PF A1"]],["Elias Andrade de Lima",["2025-10-21T10:15:43-04:00","ICP-Brasil - Certificado PF A1"]],["Geferson dos Santos",["2025-10-21T10:12:18-04:00","ICP-Brasil - Certificado PF A1"]],["Jorge Antonio Honorato de Souza",["2025-10-21T10:16:37-04:00","ICP-Brasil - Certificado PF A1"]],["Marcio Domingos dos Santos",["2025-10-21T10:17:37-04:00","ICP-Brasil - Certificado PF A1"]],["Marcio Souza Magalhaes",["2025-10-21T10:21:12-04:00","ICP-Brasil - Certificado PF A1"]],["Ozias Alves dos Santos",["2025-10-21T10:10:45-04:00","ICP-Brasil - Certificado PF A1"]]]}}},"numero":26,"ano":2025,"numero_protocolo":703,"data_apresentacao":"2025-10-10","tipo_apresentacao":"E","data_publicacao":null,"numero_origem_externa":"","ano_origem_externa":null,"data_origem_externa":null,"apelido":"","dias_prazo":null,"data_fim_prazo":null,"em_tramitacao":false,"polemica":false,"objeto":"","complementar":false,"ementa":"\u201cDisp\u00f5e Custear as Bi\u00f3psias para Diagn\u00f3stico de C\u00e2ncer pelo Sistema P\u00fablico de Sa\u00fade (SUS) em S\u00e3o Francisco do Guapor\u00e9-RO\u201d.","indexacao":"","observacao":"","resultado":"","texto_original":"http://sapl.saofranciscodoguapore.ro.leg.br/media/sapl/public/materialegislativa/2025/3984/apl_no.26-2025_assinado.pdf","data_ultima_atualizacao":"2025-10-21T12:46:13.544218-03:00","ip":"131.161.209.8","ultima_edicao":"2025-10-21T12:38:20.603672-03:00","tipo":12,"regime_tramitacao":3,"tipo_origem_externa":null,"local_origem_externa":null,"user":3,"anexadas":[],"autores":[60,63]}