{"id":3983,"__str__":"Indica\u00e7\u00e3o n\u00ba 41 de 2025","link_detail_backend":"/materia/3983","metadata":{"signs":{"texto_original":{"admin":[],"autores":[["Alessandra Varelo de Brito",["2025-10-14T16:23:11-04:00","ICP-Brasil - Certificado PF A1"]],["Braz Carlos Correia",["2025-10-14T16:24:08-04:00","ICP-Brasil - Certificado PF A1"]],["Elias Andrade de Lima",["2025-10-14T16:25:18-04:00","ICP-Brasil - Certificado PF A1"]],["Geferson dos Santos",["2025-10-14T16:22:10-04:00","ICP-Brasil - Certificado PF A1"]],["Hermes Bordignon",["2025-10-14T16:26:59-04:00","ICP-Brasil - Certificado PF A1"]],["Marcio Domingos dos Santos",["2025-10-14T16:35:32-04:00","ICP-Brasil - Certificado PF A1"]],["Marcio Souza Magalhaes",["2025-10-14T16:31:29-04:00","ICP-Brasil - Certificado PF A1"]],["Ozias Alves dos Santos",["2025-10-14T16:29:45-04:00","ICP-Brasil - Certificado PF A1"]]]}}},"numero":41,"ano":2025,"numero_protocolo":702,"data_apresentacao":"2025-10-10","tipo_apresentacao":"E","data_publicacao":null,"numero_origem_externa":"","ano_origem_externa":null,"data_origem_externa":null,"apelido":"","dias_prazo":null,"data_fim_prazo":null,"em_tramitacao":false,"polemica":false,"objeto":"","complementar":false,"ementa":"Indica ao Poder Executivo Municipal a disponibiliza\u00e7\u00e3o de uma ambul\u00e2ncia para a UBS Romana Isabel da Silva de Paula, localizada na Linha 06, regi\u00e3o do Porto Murtinho.","indexacao":"","observacao":"A UBS Romana Isabel da Silva de Paula presta atendimento a uma popula\u00e7\u00e3o expressiva da zona rural, que depende do transporte p\u00fablico de sa\u00fade para o acesso a consultas, exames e hospitaliza\u00e7\u00f5es.\r\n                A presen\u00e7a de uma ambul\u00e2ncia no local garantir\u00e1 atendimento mais r\u00e1pido e eficaz, especialmente em casos graves, fortalecendo o servi\u00e7o de sa\u00fade e reduzindo o tempo de resposta em situa\u00e7\u00f5es emergenciais.\r\n                Portanto, esta Indica\u00e7\u00e3o tem por objetivo assegurar um servi\u00e7o de sa\u00fade mais humanizado e eficiente para os moradores do campo, refor\u00e7ando o compromisso com a qualidade de vida da popula\u00e7\u00e3o rural de S\u00e3o Francisco do Guapor\u00e9.","resultado":"","texto_original":"http://sapl.saofranciscodoguapore.ro.leg.br/media/sapl/public/materialegislativa/2025/3983/indicacao_no.41-2025-marcio_assinado.pdf","data_ultima_atualizacao":"2025-10-16T10:24:42.546594-03:00","ip":"131.161.209.8","ultima_edicao":"2025-10-16T10:24:41.678445-03:00","tipo":5,"regime_tramitacao":3,"tipo_origem_externa":null,"local_origem_externa":null,"user":3,"anexadas":[],"autores":[71]}