{"id":3981,"__str__":"Indica\u00e7\u00e3o n\u00ba 39 de 2025","link_detail_backend":"/materia/3981","metadata":{"signs":{"texto_original":{"admin":[],"autores":[["Alessandra Varelo de Brito",["2025-10-14T16:22:59-04:00","ICP-Brasil - Certificado PF A1"]],["Braz Carlos Correia",["2025-10-14T16:23:53-04:00","ICP-Brasil - Certificado PF A1"]],["Elias Andrade de Lima",["2025-10-14T16:24:58-04:00","ICP-Brasil - Certificado PF A1"]],["Geferson dos Santos",["2025-10-14T16:22:02-04:00","ICP-Brasil - Certificado PF A1"]],["Hermes Bordignon",["2025-10-14T16:26:35-04:00","ICP-Brasil - Certificado PF A1"]],["Marcio Domingos dos Santos",["2025-10-14T16:35:14-04:00","ICP-Brasil - Certificado PF A1"]],["Marcio Souza Magalhaes",["2025-10-14T16:30:57-04:00","ICP-Brasil - Certificado PF A1"]],["Ozias Alves dos Santos",["2025-10-14T16:29:16-04:00","ICP-Brasil - Certificado PF A1"]]]}}},"numero":39,"ano":2025,"numero_protocolo":699,"data_apresentacao":"2025-10-10","tipo_apresentacao":"E","data_publicacao":null,"numero_origem_externa":"","ano_origem_externa":null,"data_origem_externa":null,"apelido":"","dias_prazo":null,"data_fim_prazo":null,"em_tramitacao":false,"polemica":false,"objeto":"","complementar":false,"ementa":"Indica ao Poder Executivo Municipal que, por meio da Secretaria Municipal de Educa\u00e7\u00e3o, promova visitas pedag\u00f3gicas de alunos ao viveiro de mudas e \u00e0s planta\u00e7\u00f5es de caf\u00e9 e eucalipto.","indexacao":"","observacao":"A presente indica\u00e7\u00e3o tem como finalidade aproximar os alunos da realidade agr\u00edcola do munic\u00edpio, valorizando o trabalho dos produtores rurais e promovendo a educa\u00e7\u00e3o ambiental e empreendedora. O contato direto com o processo de cultivo e produ\u00e7\u00e3o contribui para o aprendizado pr\u00e1tico, o desenvolvimento de novas habilidades e o fortalecimento da consci\u00eancia sobre a import\u00e2ncia da agricultura sustent\u00e1vel.\r\nDessa forma, esta a\u00e7\u00e3o se configura como um investimento na forma\u00e7\u00e3o educacional e social das futuras gera\u00e7\u00f5es, al\u00e9m de estreitar os la\u00e7os entre escola, comunidade e setor produtivo, gerando benef\u00edcios educacionais e econ\u00f4micos para toda a popula\u00e7\u00e3o.","resultado":"","texto_original":"http://sapl.saofranciscodoguapore.ro.leg.br/media/sapl/public/materialegislativa/2025/3981/indicacao_no.39-2025-marcio_assinado.pdf","data_ultima_atualizacao":"2025-10-16T10:23:37.587312-03:00","ip":"131.161.209.8","ultima_edicao":"2025-10-16T10:23:36.854677-03:00","tipo":5,"regime_tramitacao":3,"tipo_origem_externa":null,"local_origem_externa":null,"user":3,"anexadas":[],"autores":[71]}