{"id":3979,"__str__":"Indica\u00e7\u00e3o n\u00ba 38 de 2025","link_detail_backend":"/materia/3979","metadata":{"signs":{"texto_original":{"admin":[],"autores":[["Alessandra Varelo de Brito",["2025-10-14T16:22:53-04:00","ICP-Brasil - Certificado PF A1"]],["Braz Carlos Correia",["2025-10-14T16:23:45-04:00","ICP-Brasil - Certificado PF A1"]],["Elias Andrade de Lima",["2025-10-14T16:24:49-04:00","ICP-Brasil - Certificado PF A1"]],["Geferson dos Santos",["2025-10-14T16:21:58-04:00","ICP-Brasil - Certificado PF A1"]],["Hermes Bordignon",["2025-10-14T16:26:23-04:00","ICP-Brasil - Certificado PF A1"]],["Marcio Domingos dos Santos",["2025-10-14T16:34:56-04:00","ICP-Brasil - Certificado PF A1"]],["Marcio Souza Magalhaes",["2025-10-14T16:30:41-04:00","ICP-Brasil - Certificado PF A1"]],["Ozias Alves dos Santos",["2025-10-14T16:29:02-04:00","ICP-Brasil - Certificado PF A1"]]]}}},"numero":38,"ano":2025,"numero_protocolo":698,"data_apresentacao":"2025-10-10","tipo_apresentacao":"E","data_publicacao":null,"numero_origem_externa":"","ano_origem_externa":null,"data_origem_externa":null,"apelido":"","dias_prazo":null,"data_fim_prazo":null,"em_tramitacao":false,"polemica":false,"objeto":"","complementar":false,"ementa":"Indica ao Poder Executivo Municipal a disponibiliza\u00e7\u00e3o de ambul\u00e2ncias nas Unidades B\u00e1sicas de Sa\u00fade da Linha 06 (UBS Sebasti\u00e3o Leite) e da Linha 75 (UBS Osmar Miguel Silva da Costa).","indexacao":"","observacao":"As comunidades da Linha 06 e da Linha 75 contam com consider\u00e1vel n\u00famero de moradores e trabalhadores rurais que necessitam de atendimento r\u00e1pido e eficiente em situa\u00e7\u00f5es de emerg\u00eancia. A falta de uma ambul\u00e2ncia dispon\u00edvel nessas unidades b\u00e1sicas de sa\u00fade tem dificultado o pronto atendimento, colocando em risco a vida e a seguran\u00e7a dos pacientes.\r\n               A disponibiliza\u00e7\u00e3o de ambul\u00e2ncias nesses pontos estrat\u00e9gicos garantir\u00e1 mais agilidade no socorro, melhorando o atendimento \u00e0 popula\u00e7\u00e3o, otimizando o tempo de resposta em emerg\u00eancias e fortalecendo a aten\u00e7\u00e3o b\u00e1sica de sa\u00fade no meio rural.\r\n              Assim, esta Indica\u00e7\u00e3o tem o objetivo de contribuir para a melhoria dos servi\u00e7os p\u00fablicos de sa\u00fade e assegurar que o cidad\u00e3o do campo receba um atendimento digno e acess\u00edvel.","resultado":"","texto_original":"http://sapl.saofranciscodoguapore.ro.leg.br/media/sapl/public/materialegislativa/2025/3979/indicacao_no.38-2025-marcio_assinado.pdf","data_ultima_atualizacao":"2025-10-16T10:23:17.540375-03:00","ip":"131.161.209.8","ultima_edicao":"2025-10-16T10:23:16.766335-03:00","tipo":5,"regime_tramitacao":3,"tipo_origem_externa":null,"local_origem_externa":null,"user":3,"anexadas":[],"autores":[71]}