{"id":3976,"__str__":"Indica\u00e7\u00e3o n\u00ba 36 de 2025","link_detail_backend":"/materia/3976","metadata":{"signs":{"texto_original":{"admin":[],"autores":[["Agnielde Benici Adorno",["2025-10-14T16:13:40-04:00","ICP-Brasil - Certificado PF A1"]],["Alessandra Varelo de Brito",["2025-10-14T16:07:36-04:00","ICP-Brasil - Certificado PF A1"]],["Braz Carlos Correia",["2025-10-14T16:08:23-04:00","ICP-Brasil - Certificado PF A1"]],["Elias Andrade de Lima",["2025-10-14T16:09:20-04:00","ICP-Brasil - Certificado PF A1"]],["Geferson dos Santos",["2025-10-14T16:06:48-04:00","ICP-Brasil - Certificado PF A1"]],["Hermes Bordignon",["2025-10-14T16:10:21-04:00","ICP-Brasil - Certificado PF A1"]],["Marcio Souza Magalhaes",["2025-10-14T16:11:34-04:00","ICP-Brasil - Certificado PF A1"]],["Ozias Alves dos Santos",["2025-10-14T16:12:46-04:00","ICP-Brasil - Certificado PF A1"]]]}}},"numero":36,"ano":2025,"numero_protocolo":695,"data_apresentacao":"2025-10-09","tipo_apresentacao":"E","data_publicacao":null,"numero_origem_externa":"","ano_origem_externa":null,"data_origem_externa":null,"apelido":"","dias_prazo":null,"data_fim_prazo":null,"em_tramitacao":false,"polemica":false,"objeto":"","complementar":false,"ementa":"INDICO QUE SEJA REALIZADO EVENTO DE CONFRATERNIZA\u00c7\u00c3O EM COMEMORA\u00c7\u00c3O AO DIA DO SERVIDOR PUBLICO MUNICIPAL.","indexacao":"","observacao":"Senhor Prefeito, a presente indica\u00e7\u00e3o em comemora\u00e7\u00e3o do Dia do Servidor P\u00fablico a realiza\u00e7\u00e3o de um evento de confraterniza\u00e7\u00e3o \u00e9 uma forma de valorizar, reconhecer e agradecer a dedica\u00e7\u00e3o di\u00e1ria desses profissionais que contribuem para o desenvolvimento de S\u00e3o Francisco do Guapor\u00e9.\r\nUm momento de integra\u00e7\u00e3o e celebra\u00e7\u00e3o refor\u00e7a o esp\u00edrito de equipe, promove o bem-estar e fortalece os la\u00e7os entre os servidores e a administra\u00e7\u00e3o p\u00fablica, estimulando ainda mais o comprometimento e a motiva\u00e7\u00e3o no ambiente de trabalho. Conto com apoio dos nobres vereadores.","resultado":"","texto_original":"http://sapl.saofranciscodoguapore.ro.leg.br/media/sapl/public/materialegislativa/2025/3976/indicacao_no.36-2025-agnielde_assinado.pdf","data_ultima_atualizacao":"2025-10-16T10:22:35.468567-03:00","ip":"131.161.209.8","ultima_edicao":"2025-10-16T10:22:34.764862-03:00","tipo":5,"regime_tramitacao":3,"tipo_origem_externa":null,"local_origem_externa":null,"user":3,"anexadas":[],"autores":[70]}