{"id":3970,"__str__":"Projeto de Lei n\u00ba 133 de 2025","link_detail_backend":"/materia/3970","metadata":{"signs":{"texto_original":{"admin":[],"autores":[["Agnielde Benici Adorno",["2025-10-21T10:57:54-04:00","ICP-Brasil - Certificado PF A1"]],["Alessandra Varelo de Brito",["2025-10-21T10:56:54-04:00","ICP-Brasil - Certificado PF A1"]],["Braz Carlos Correia",["2025-10-21T11:02:28-04:00","ICP-Brasil - Certificado PF A1"]],["Eber Lopes Reis",["2025-10-21T11:17:22-04:00","ICP-Brasil - Certificado PF A1"]],["Elias Andrade de Lima",["2025-10-21T11:03:55-04:00","ICP-Brasil - Certificado PF A1"]],["Geferson dos Santos",["2025-10-21T10:55:38-04:00","ICP-Brasil - Certificado PF A1"]],["Jorge Antonio Honorato de Souza",["2025-10-21T11:07:38-04:00","ICP-Brasil - Certificado PF A1"]],["Marcio Domingos dos Santos",["2025-10-21T11:12:38-04:00","ICP-Brasil - Certificado PF A1"]],["Marcio Souza Magalhaes",["2025-10-21T11:19:58-04:00","ICP-Brasil - Certificado PF A1"]],["Ozias Alves dos Santos",["2025-10-21T11:14:42-04:00","ICP-Brasil - Certificado PF A1"]]]}}},"numero":133,"ano":2025,"numero_protocolo":689,"data_apresentacao":"2025-10-07","tipo_apresentacao":"E","data_publicacao":null,"numero_origem_externa":"","ano_origem_externa":null,"data_origem_externa":null,"apelido":"","dias_prazo":null,"data_fim_prazo":null,"em_tramitacao":false,"polemica":false,"objeto":"","complementar":false,"ementa":"\u201cDisp\u00f5e sobre Inclus\u00e3o e Altera\u00e7\u00f5es no PPA, LDO e LOA, e Autoriza o Poder Executivo a Abertura de Cr\u00e9dito Adicional Especial Por Excesso de\r\nArrecada\u00e7\u00e3o at\u00e9 o montante de R$ 140.000,00 (Cento e quarenta mil reais) em favor da Secretaria Municipal de Sa\u00fade - SEMUSA, e d\u00e1 outras provid\u00eancias\u201d","indexacao":"O Projeto de Lei em quest\u00e3o visa a inser\u00e7\u00e3o or\u00e7amentaria do Recurso Federal que se dar\u00e1 atrav\u00e9s do Excesso de Arrecada\u00e7\u00e3o necess\u00e1ria para atender as demandas com Atividades para Fortalecimento da Aten\u00e7\u00e3o Prim\u00e1ria \u00e0 Sa\u00fade, um conjunto de a\u00e7\u00f5es voltadas \u00e0 orienta\u00e7\u00e3o, acompanhamento e apoio aos usu\u00e1rios do SUS no percurso pela rede de aten\u00e7\u00e3o. Por meio da capacita\u00e7\u00e3o de profissionais para atuarem como navegadores de cuidado, ser\u00e1 poss\u00edvel apoiar pessoas com condi\u00e7\u00f5es cr\u00f4nicas, agravos complexos ou em situa\u00e7\u00e3o de vulnerabilidade, facilitando o acesso aos servi\u00e7os, esclarecendo d\u00favidas sobre tratamentos e fluxos, promovendo a ades\u00e3o terap\u00eautica e fortalecendo a articula\u00e7\u00e3o entre os diferentes pontos da rede, conforme as devidas categorias relacionadas no projeto de lei, faz se necess\u00e1ria incluir para o bom desempenho da secret\u00e1ria, visando as necessidades do munic\u00edpio e respeitando a categoria econ\u00f4mica necess\u00e1ria para cobrir as despesas. Recurso da Emenda Parlamentar de N\u00b0 42720003 N\u00b0 da proposta 36000672505202500 do Senador Jaime Bagattoli.","observacao":"","resultado":"","texto_original":"http://sapl.saofranciscodoguapore.ro.leg.br/media/sapl/public/materialegislativa/2025/3970/pl_no.133-2025_-_projeto_de_lei_-_pap_capacitacao_pj_-_r_140.00000_assinado.pdf","data_ultima_atualizacao":"2025-10-23T12:49:32.139758-03:00","ip":"131.161.209.8","ultima_edicao":"2025-10-21T12:53:31.817102-03:00","tipo":9,"regime_tramitacao":3,"tipo_origem_externa":null,"local_origem_externa":null,"user":3,"anexadas":[],"autores":[69]}