{"id":3963,"__str__":"Projeto de Lei n\u00ba 128 de 2025","link_detail_backend":"/materia/3963","metadata":{"signs":{"texto_original":{"admin":[],"autores":[["Agnielde Benici Adorno",["2025-10-21T10:58:18-04:00","ICP-Brasil - Certificado PF A1"]],["Alessandra Varelo de Brito",["2025-10-21T10:57:11-04:00","ICP-Brasil - Certificado PF A1"]],["Braz Carlos Correia",["2025-10-21T11:02:58-04:00","ICP-Brasil - Certificado PF A1"]],["Eber Lopes Reis",["2025-10-21T11:18:23-04:00","ICP-Brasil - Certificado PF A1"]],["Elias Andrade de Lima",["2025-10-21T11:04:31-04:00","ICP-Brasil - Certificado PF A1"]],["Geferson dos Santos",["2025-10-21T10:55:50-04:00","ICP-Brasil - Certificado PF A1"]],["Jorge Antonio Honorato de Souza",["2025-10-21T11:08:20-04:00","ICP-Brasil - Certificado PF A1"]],["Marcio Domingos dos Santos",["2025-10-21T11:13:26-04:00","ICP-Brasil - Certificado PF A1"]],["Marcio Souza Magalhaes",["2025-10-21T11:26:03-04:00","ICP-Brasil - Certificado PF A1"]],["Ozias Alves dos Santos",["2025-10-21T11:15:37-04:00","ICP-Brasil - Certificado PF A1"]]]}}},"numero":128,"ano":2025,"numero_protocolo":681,"data_apresentacao":"2025-10-07","tipo_apresentacao":"E","data_publicacao":null,"numero_origem_externa":"","ano_origem_externa":null,"data_origem_externa":null,"apelido":"","dias_prazo":null,"data_fim_prazo":null,"em_tramitacao":false,"polemica":false,"objeto":"","complementar":false,"ementa":"\u201cDisp\u00f5e sobre Inclus\u00e3o e Altera\u00e7\u00f5es no PPA, LDO e LOA, e Autoriza o Poder Executivo a Abertura de Cr\u00e9dito Adicional Especial Por Excesso de\r\nArrecada\u00e7\u00e3o at\u00e9 o montante de R$ 200.000,00 (Duzentos mil reais) em favor da Secretaria Municipal de Sa\u00fade - SEMUSA, e d\u00e1 outras provid\u00eancias\u201d","indexacao":"O Projeto de Lei em quest\u00e3o visa a inser\u00e7\u00e3o or\u00e7amentaria do Recurso Federal que se dar\u00e1 atrav\u00e9s do Excesso de Arrecada\u00e7\u00e3o necess\u00e1ria para atender as demandas com Capacita\u00e7\u00e3o de Equipes da APS sobre o Manejo de Condi\u00e7\u00f5es Cr\u00f4nicas e Abordagem Centrada na pessoa, no entanto a constante atualiza\u00e7\u00e3o e qualifica\u00e7\u00e3o dos profissionais \u00e9 fundamental para assegurar um manejo adequado, pautado em protocolos cl\u00ednicos atualizados, a\u00e7\u00f5es interdisciplinares e pr\u00e1ticas centradas nas necessidades da pessoa e do territ\u00f3rio. Neste sentido, a capacita\u00e7\u00e3o das equipes de sa\u00fade tem como objetivo aprimorar o conhecimento t\u00e9cnico, fortalecer a integra\u00e7\u00e3o entre os profissionais e promover pr\u00e1ticas de cuidado mais resolutivas e humanizadas, conforme as devidas categorias relacionadas no projeto de lei, faz-se necess\u00e1ria incluir para o bom desempenho da secret\u00e1ria, visando as necessidades do munic\u00edpio e respeitando a categoria econ\u00f4mica necess\u00e1ria para cobrir as despesas. Recurso da Emenda Parlamentar de N\u00b0 43310003 N\u00b0 da proposta 36000669941202500 da Deputada Federal Cristiane Lopes.","observacao":"","resultado":"","texto_original":"http://sapl.saofranciscodoguapore.ro.leg.br/media/sapl/public/materialegislativa/2025/3963/pl_no.128-2025_-_pap_incremento_capacitacao_-_r_200.00000_assinado.pdf","data_ultima_atualizacao":"2025-10-23T12:19:10.991005-03:00","ip":"131.161.209.8","ultima_edicao":"2025-10-21T12:51:58.100397-03:00","tipo":9,"regime_tramitacao":3,"tipo_origem_externa":null,"local_origem_externa":null,"user":3,"anexadas":[],"autores":[69]}