{"id":3959,"__str__":"Indica\u00e7\u00e3o n\u00ba 34 de 2025","link_detail_backend":"/materia/3959","metadata":{"signs":{"texto_original":{"admin":[],"autores":[["Alessandra Varelo de Brito",["2025-10-14T16:22:47-04:00","ICP-Brasil - Certificado PF A1"]],["Braz Carlos Correia",["2025-10-14T16:23:37-04:00","ICP-Brasil - Certificado PF A1"]],["Elias Andrade de Lima",["2025-10-14T16:24:39-04:00","ICP-Brasil - Certificado PF A1"]],["Geferson dos Santos",["2025-10-14T16:21:54-04:00","ICP-Brasil - Certificado PF A1"]],["Hermes Bordignon",["2025-10-14T16:26:11-04:00","ICP-Brasil - Certificado PF A1"]],["Marcio Domingos dos Santos",["2025-10-14T16:34:38-04:00","ICP-Brasil - Certificado PF A1"]],["Marcio Souza Magalhaes",["2025-10-14T16:30:24-04:00","ICP-Brasil - Certificado PF A1"]],["Ozias Alves dos Santos",["2025-10-14T16:28:49-04:00","ICP-Brasil - Certificado PF A1"]]]}}},"numero":34,"ano":2025,"numero_protocolo":677,"data_apresentacao":"2025-10-07","tipo_apresentacao":"E","data_publicacao":null,"numero_origem_externa":"","ano_origem_externa":null,"data_origem_externa":null,"apelido":"","dias_prazo":null,"data_fim_prazo":null,"em_tramitacao":false,"polemica":false,"objeto":"","complementar":false,"ementa":"Indica ao Poder Executivo Municipal a implanta\u00e7\u00e3o de estacionamento em torno do p\u00e1tio da Par\u00f3quia S\u00e3o Francisco de Assis.","indexacao":"","observacao":"A presente indica\u00e7\u00e3o se justifica em raz\u00e3o da grande circula\u00e7\u00e3o de ve\u00edculos nos dois lados da via, principalmente nos hor\u00e1rios de missa e eventos religiosos, o que tem dificultado o tr\u00e2nsito e a mobilidade dos pedestres e condutores.\r\n A cria\u00e7\u00e3o de um espa\u00e7o adequado para estacionamento proporcionar\u00e1 melhor organiza\u00e7\u00e3o do tr\u00e1fego, mais seguran\u00e7a aos frequentadores da igreja e melhoria no fluxo das vias adjacentes.\r\nDiante do exposto, considerando a relev\u00e2ncia da medida para a seguran\u00e7a e organiza\u00e7\u00e3o do tr\u00e2nsito local, bem como o benef\u00edcio direto \u00e0 comunidade religiosa e aos moradores da regi\u00e3o, solicito o atendimento desta indica\u00e7\u00e3o com a m\u00e1xima brevidade poss\u00edvel, a fim de promover melhorias na mobilidade urbana e no bem-estar dos cidad\u00e3os de S\u00e3o Francisco do Guapor\u00e9/RO.","resultado":"","texto_original":"http://sapl.saofranciscodoguapore.ro.leg.br/media/sapl/public/materialegislativa/2025/3959/indicacao_no.34-2025-marcio_assinado.pdf","data_ultima_atualizacao":"2025-10-16T10:21:36.296562-03:00","ip":"131.161.209.8","ultima_edicao":"2025-10-16T10:21:35.384048-03:00","tipo":5,"regime_tramitacao":3,"tipo_origem_externa":null,"local_origem_externa":null,"user":3,"anexadas":[],"autores":[71]}