{"id":3957,"__str__":"Projeto de Lei n\u00ba 123 de 2025","link_detail_backend":"/materia/3957","metadata":{"signs":{"texto_original":{"admin":[],"autores":[["Agnielde Benici Adorno",["2025-10-07T10:13:24-04:00","ICP-Brasil - Certificado PF A1"]],["Alessandra Varelo de Brito",["2025-10-07T10:12:31-04:00","ICP-Brasil - Certificado PF A1"]],["Braz Carlos Correia",["2025-10-07T10:14:37-04:00","ICP-Brasil - Certificado PF A1"]],["Eber Lopes Reis",["2025-10-07T10:23:37-04:00","ICP-Brasil - Certificado PF A1"]],["Elias Andrade de Lima",["2025-10-07T10:15:54-04:00","ICP-Brasil - Certificado PF A1"]],["Geferson dos Santos",["2025-10-07T10:11:51-04:00","ICP-Brasil - Certificado PF A1"]],["Hermes Bordignon",["2025-10-07T10:17:24-04:00","ICP-Brasil - Certificado PF A1"]],["Marcio Domingos dos Santos",["2025-10-07T10:18:48-04:00","ICP-Brasil - Certificado PF A1"]],["Marcio Souza Magalhaes",["2025-10-07T10:25:42-04:00","ICP-Brasil - Certificado PF A1"]],["Ozias Alves dos Santos",["2025-10-07T10:20:30-04:00","ICP-Brasil - Certificado PF A1"]]]}}},"numero":123,"ano":2025,"numero_protocolo":675,"data_apresentacao":"2025-10-06","tipo_apresentacao":"E","data_publicacao":null,"numero_origem_externa":"","ano_origem_externa":null,"data_origem_externa":null,"apelido":"","dias_prazo":null,"data_fim_prazo":null,"em_tramitacao":false,"polemica":false,"objeto":"","complementar":false,"ementa":"\"Disp\u00f5e sobre a concess\u00e3o de subven\u00e7\u00e3o financeira \u00e0 Associa\u00e7\u00e3o Escola Fam\u00edlia Agr\u00edcola do Vale do Guapor\u00e9 \u2013 AEFAVALE, para garantia da continuidade e fortalecimento das a\u00e7\u00f5es educacionais em benef\u00edcio da comunidade rural de S\u00e3o Francisco do Guapor\u00e9 \u2013 RO, e d\u00e1 outras provid\u00eancias.\"","indexacao":"","observacao":"","resultado":"","texto_original":"http://sapl.saofranciscodoguapore.ro.leg.br/media/sapl/public/materialegislativa/2025/3957/pl_no.123-2025_-_familia_agricola_assinado.pdf","data_ultima_atualizacao":"2025-10-23T11:24:49.048219-03:00","ip":"131.161.209.8","ultima_edicao":"2025-10-07T12:43:12.352924-03:00","tipo":9,"regime_tramitacao":3,"tipo_origem_externa":null,"local_origem_externa":null,"user":3,"anexadas":[],"autores":[69]}