{"id":3955,"__str__":"Projeto de Lei n\u00ba 121 de 2025","link_detail_backend":"/materia/3955","metadata":{"signs":{"texto_original":{"admin":[],"autores":[["Agnielde Benici Adorno",["2025-10-07T10:13:41-04:00","ICP-Brasil - Certificado PF A1"]],["Alessandra Varelo de Brito",["2025-10-07T10:12:43-04:00","ICP-Brasil - Certificado PF A1"]],["Braz Carlos Correia",["2025-10-07T10:14:57-04:00","ICP-Brasil - Certificado PF A1"]],["Eber Lopes Reis",["2025-10-07T10:24:17-04:00","ICP-Brasil - Certificado PF A1"]],["Elias Andrade de Lima",["2025-10-07T10:16:18-04:00","ICP-Brasil - Certificado PF A1"]],["Geferson dos Santos",["2025-10-07T10:12:01-04:00","ICP-Brasil - Certificado PF A1"]],["Hermes Bordignon",["2025-10-07T10:17:52-04:00","ICP-Brasil - Certificado PF A1"]],["Marcio Domingos dos Santos",["2025-10-07T10:19:19-04:00","ICP-Brasil - Certificado PF A1"]],["Marcio Souza Magalhaes",["2025-10-07T10:26:26-04:00","ICP-Brasil - Certificado PF A1"]],["Ozias Alves dos Santos",["2025-10-07T10:21:05-04:00","ICP-Brasil - Certificado PF A1"]]]}}},"numero":121,"ano":2025,"numero_protocolo":673,"data_apresentacao":"2025-10-06","tipo_apresentacao":"E","data_publicacao":null,"numero_origem_externa":"","ano_origem_externa":null,"data_origem_externa":null,"apelido":"","dias_prazo":null,"data_fim_prazo":null,"em_tramitacao":false,"polemica":false,"objeto":"","complementar":false,"ementa":"\"Disp\u00f5e sobre a concess\u00e3o de Subven\u00e7\u00e3o Financeira \u00e0 ECOVALE \u2013 Associa\u00e7\u00e3o Comunit\u00e1ria e Ecol\u00f3gica do Vale do Guapor\u00e9, para apoio \u00e0s a\u00e7\u00f5es de\r\npreserva\u00e7\u00e3o ambiental e realiza\u00e7\u00e3o de evento ecol\u00f3gico no Munic\u00edpio de S\u00e3o Francisco do Guapor\u00e9 \u2013 RO, e d\u00e1 outras provid\u00eancias.\"","indexacao":"","observacao":"","resultado":"","texto_original":"http://sapl.saofranciscodoguapore.ro.leg.br/media/sapl/public/materialegislativa/2025/3955/pl_no.121-2025_-_ecovale_assinado.pdf","data_ultima_atualizacao":"2025-10-23T10:18:35.277109-03:00","ip":"131.161.209.8","ultima_edicao":"2025-10-07T12:58:28.748423-03:00","tipo":9,"regime_tramitacao":3,"tipo_origem_externa":null,"local_origem_externa":null,"user":3,"anexadas":[],"autores":[69]}