{"id":3951,"__str__":"Requerimento n\u00ba 560 de 2025","link_detail_backend":"/materia/3951","metadata":{"signs":{"texto_original":{"admin":[],"autores":[["Agnielde Benici Adorno",["2025-10-08T11:53:11-04:00","ICP-Brasil - Certificado PF A1"]],["Alessandra Varelo de Brito",["2025-10-08T11:50:17-04:00","ICP-Brasil - Certificado PF A1"]],["Braz Carlos Correia",["2025-10-08T12:03:06-04:00","ICP-Brasil - Certificado PF A1"]],["Eber Lopes Reis",["2025-10-08T12:00:04-04:00","ICP-Brasil - Certificado PF A1"]],["Elias Andrade de Lima",["2025-10-08T11:54:07-04:00","ICP-Brasil - Certificado PF A1"]],["Geferson dos Santos",["2025-10-08T11:52:26-04:00","ICP-Brasil - Certificado PF A1"]],["Hermes Bordignon",["2025-10-08T11:55:17-04:00","ICP-Brasil - Certificado PF A1"]],["Marcio Domingos dos Santos",["2025-10-08T11:56:13-04:00","ICP-Brasil - Certificado PF A1"]],["Marcio Souza Magalhaes",["2025-10-08T12:01:04-04:00","ICP-Brasil - Certificado PF A1"]],["Ozias Alves dos Santos",["2025-10-08T11:59:03-04:00","ICP-Brasil - Certificado PF A1"]]]}}},"numero":560,"ano":2025,"numero_protocolo":669,"data_apresentacao":"2025-10-03","tipo_apresentacao":"E","data_publicacao":null,"numero_origem_externa":"","ano_origem_externa":null,"data_origem_externa":null,"apelido":"","dias_prazo":null,"data_fim_prazo":null,"em_tramitacao":false,"polemica":false,"objeto":"","complementar":false,"ementa":"Requer o aumento de dias de atendimento de fisioterapia, para melhor atender a popula\u00e7\u00e3o com mais plant\u00f5es para aliviar a fila que se encontra extensa para os fisioterapeutas.","indexacao":"","observacao":"O motivo dessa solicita\u00e7\u00e3o baseia-se em buscar diminuir a lista de espera nos atendimentos, tanto no setor quanto domiciliares, uma vez que, os dias dispon\u00edveis revelam-se insuficientes para responder \u00e0 procura existente, o que resulta em listas de espera prolongadas e atrasos no processo de recupera\u00e7\u00e3o dos pacientes.\r\nDiante do exposto, e no intuito de evitarmos danos a vida humana, solicito apoio dos nobres colegas na aprova\u00e7\u00e3o deste Requerimento.","resultado":"","texto_original":"http://sapl.saofranciscodoguapore.ro.leg.br/media/sapl/public/materialegislativa/2025/3951/requerimento_no.560-2025-alessandra_assinado.pdf","data_ultima_atualizacao":"2026-03-19T10:37:04.100578-03:00","ip":"131.161.209.8","ultima_edicao":"2026-03-19T10:37:03.290210-03:00","tipo":14,"regime_tramitacao":3,"tipo_origem_externa":null,"local_origem_externa":null,"user":3,"anexadas":[],"autores":[72]}