{"id":3949,"__str__":"Requerimento n\u00ba 559 de 2025","link_detail_backend":"/materia/3949","metadata":{"signs":{"texto_original":{"admin":[],"autores":[["Agnielde Benici Adorno",["2025-10-08T11:53:18-04:00","ICP-Brasil - Certificado PF A1"]],["Alessandra Varelo de Brito",["2025-10-08T12:02:10-04:00","ICP-Brasil - Certificado PF A1"]],["Braz Carlos Correia",["2025-10-08T11:50:51-04:00","ICP-Brasil - Certificado PF A1"]],["Eber Lopes Reis",["2025-10-08T12:00:22-04:00","ICP-Brasil - Certificado PF A1"]],["Elias Andrade de Lima",["2025-10-08T11:54:17-04:00","ICP-Brasil - Certificado PF A1"]],["Geferson dos Santos",["2025-10-08T11:52:32-04:00","ICP-Brasil - Certificado PF A1"]],["Hermes Bordignon",["2025-10-08T11:55:29-04:00","ICP-Brasil - Certificado PF A1"]],["Marcio Domingos dos Santos",["2025-10-08T11:56:27-04:00","ICP-Brasil - Certificado PF A1"]],["Marcio Souza Magalhaes",["2025-10-08T12:01:26-04:00","ICP-Brasil - Certificado PF A1"]],["Ozias Alves dos Santos",["2025-10-08T11:59:20-04:00","ICP-Brasil - Certificado PF A1"]]]}}},"numero":559,"ano":2025,"numero_protocolo":667,"data_apresentacao":"2025-10-03","tipo_apresentacao":"E","data_publicacao":null,"numero_origem_externa":"","ano_origem_externa":null,"data_origem_externa":null,"apelido":"","dias_prazo":null,"data_fim_prazo":null,"em_tramitacao":false,"polemica":false,"objeto":"","complementar":false,"ementa":"Requer que o Poder Executivo a solicita\u00e7\u00e3o de instala\u00e7\u00e3o de placas para a indica\u00e7\u00e3o da Feira Municipal, sendo uma na marginal anexa a BR indicando\r\ncom setas e outra na Avenida Tancredo Neves, de forma a orientar e facilitar o acesso da popula\u00e7\u00e3o e visitantes a nossa feira municipal fomentando a\r\nagricultura familiar.","indexacao":"","observacao":"","resultado":"","texto_original":"http://sapl.saofranciscodoguapore.ro.leg.br/media/sapl/public/materialegislativa/2025/3949/requerimento_no.559-2025-braz_assinado.pdf","data_ultima_atualizacao":"2026-03-19T10:36:41.772699-03:00","ip":"131.161.209.8","ultima_edicao":"2026-03-19T10:36:40.833005-03:00","tipo":14,"regime_tramitacao":3,"tipo_origem_externa":null,"local_origem_externa":null,"user":3,"anexadas":[],"autores":[6]}