{"id":3947,"__str__":"Requerimento n\u00ba 558 de 2025","link_detail_backend":"/materia/3947","metadata":{"signs":{"texto_original":{"admin":[],"autores":[["Agnielde Benici Adorno",["2025-10-08T10:54:45-04:00","ICP-Brasil - Certificado PF A1"]],["Alessandra Varelo de Brito",["2025-10-08T10:53:26-04:00","ICP-Brasil - Certificado PF A1"]],["Braz Carlos Correia",["2025-10-08T10:56:52-04:00","ICP-Brasil - Certificado PF A1"]],["Eber Lopes Reis",["2025-10-08T11:48:48-04:00","ICP-Brasil - Certificado PF A1"]],["Elias Andrade de Lima",["2025-10-08T10:59:16-04:00","ICP-Brasil - Certificado PF A1"]],["Geferson dos Santos",["2025-10-08T10:52:26-04:00","ICP-Brasil - Certificado PF A1"]],["Hermes Bordignon",["2025-10-08T11:40:24-04:00","ICP-Brasil - Certificado PF A1"]],["Marcio Domingos dos Santos",["2025-10-08T11:42:20-04:00","ICP-Brasil - Certificado PF A1"]],["Marcio Souza Magalhaes",["2025-10-08T10:51:39-04:00","ICP-Brasil - Certificado PF A1"]],["Ozias Alves dos Santos",["2025-10-08T11:46:13-04:00","ICP-Brasil - Certificado PF A1"]]]}}},"numero":558,"ano":2025,"numero_protocolo":666,"data_apresentacao":"2025-10-03","tipo_apresentacao":"","data_publicacao":null,"numero_origem_externa":"","ano_origem_externa":null,"data_origem_externa":null,"apelido":"","dias_prazo":null,"data_fim_prazo":null,"em_tramitacao":false,"polemica":false,"objeto":"","complementar":false,"ementa":"Requer convers\u00e3o da Licen\u00e7a-Pr\u00eamio em Pec\u00fania.","indexacao":"","observacao":"","resultado":"","texto_original":"http://sapl.saofranciscodoguapore.ro.leg.br/media/sapl/public/materialegislativa/2025/3947/requerimento_no.558-2025-profmarcio_assinado.pdf","data_ultima_atualizacao":"2026-03-19T10:36:19.264119-03:00","ip":"131.161.209.8","ultima_edicao":"2026-03-19T10:36:18.381121-03:00","tipo":14,"regime_tramitacao":3,"tipo_origem_externa":null,"local_origem_externa":null,"user":3,"anexadas":[],"autores":[73]}