{"id":3946,"__str__":"Requerimento n\u00ba 557 de 2025","link_detail_backend":"/materia/3946","metadata":{"signs":{"texto_original":{"admin":[],"autores":[["Agnielde Benici Adorno",["2025-10-08T10:54:16-04:00","ICP-Brasil - Certificado PF A1"]],["Alessandra Varelo de Brito",["2025-10-08T10:53:03-04:00","ICP-Brasil - Certificado PF A1"]],["Braz Carlos Correia",["2025-10-08T10:56:16-04:00","ICP-Brasil - Certificado PF A1"]],["Eber Lopes Reis",["2025-10-08T11:47:39-04:00","ICP-Brasil - Certificado PF A1"]],["Elias Andrade de Lima",["2025-10-08T10:58:34-04:00","ICP-Brasil - Certificado PF A1"]],["Geferson dos Santos",["2025-10-08T10:52:09-04:00","ICP-Brasil - Certificado PF A1"]],["Hermes Bordignon",["2025-10-08T11:39:18-04:00","ICP-Brasil - Certificado PF A1"]],["Marcio Domingos dos Santos",["2025-10-08T11:41:26-04:00","ICP-Brasil - Certificado PF A1"]],["Marcio Souza Magalhaes",["2025-10-08T10:47:59-04:00","ICP-Brasil - Certificado PF A1"]],["Ozias Alves dos Santos",["2025-10-08T11:45:13-04:00","ICP-Brasil - Certificado PF A1"]]]}}},"numero":557,"ano":2025,"numero_protocolo":665,"data_apresentacao":"2025-10-03","tipo_apresentacao":"","data_publicacao":null,"numero_origem_externa":"","ano_origem_externa":null,"data_origem_externa":null,"apelido":"","dias_prazo":null,"data_fim_prazo":null,"em_tramitacao":false,"polemica":false,"objeto":"","complementar":false,"ementa":"Reitera\u00e7\u00e3o de requerimento de subs\u00eddio para Coordenador e Orientador Escolar.","indexacao":"","observacao":"","resultado":"","texto_original":"http://sapl.saofranciscodoguapore.ro.leg.br/media/sapl/public/materialegislativa/2025/3946/requerimento_no.557-2025-profmarcio_assinado.pdf","data_ultima_atualizacao":"2026-03-19T10:35:47.263988-03:00","ip":"131.161.209.8","ultima_edicao":"2026-03-19T10:35:46.398540-03:00","tipo":14,"regime_tramitacao":3,"tipo_origem_externa":null,"local_origem_externa":null,"user":3,"anexadas":[],"autores":[73]}