{"id":3945,"__str__":"Requerimento n\u00ba 556 de 2025","link_detail_backend":"/materia/3945","metadata":{"signs":{"texto_original":{"admin":[],"autores":[["Agnielde Benici Adorno",["2025-10-08T10:54:25-04:00","ICP-Brasil - Certificado PF A1"]],["Alessandra Varelo de Brito",["2025-10-08T10:53:11-04:00","ICP-Brasil - Certificado PF A1"]],["Braz Carlos Correia",["2025-10-08T10:56:28-04:00","ICP-Brasil - Certificado PF A1"]],["Eber Lopes Reis",["2025-10-08T11:48:03-04:00","ICP-Brasil - Certificado PF A1"]],["Elias Andrade de Lima",["2025-10-08T10:58:48-04:00","ICP-Brasil - Certificado PF A1"]],["Geferson dos Santos",["2025-10-08T10:52:15-04:00","ICP-Brasil - Certificado PF A1"]],["Hermes Bordignon",["2025-10-08T11:39:37-04:00","ICP-Brasil - Certificado PF A1"]],["Marcio Domingos dos Santos",["2025-10-08T11:41:44-04:00","ICP-Brasil - Certificado PF A1"]],["Marcio Souza Magalhaes",["2025-10-08T10:48:22-04:00","ICP-Brasil - Certificado PF A1"]],["Ozias Alves dos Santos",["2025-10-08T11:45:33-04:00","ICP-Brasil - Certificado PF A1"]]]}}},"numero":556,"ano":2025,"numero_protocolo":664,"data_apresentacao":"2025-10-03","tipo_apresentacao":"","data_publicacao":null,"numero_origem_externa":"","ano_origem_externa":null,"data_origem_externa":null,"apelido":"","dias_prazo":null,"data_fim_prazo":null,"em_tramitacao":false,"polemica":false,"objeto":"","complementar":false,"ementa":"Reitera\u00e7\u00e3o do requerimento de revis\u00e3o da tipologia das escolas.","indexacao":"","observacao":"","resultado":"","texto_original":"http://sapl.saofranciscodoguapore.ro.leg.br/media/sapl/public/materialegislativa/2025/3945/requerimento_no.556-2025-profmarcio_assinado.pdf","data_ultima_atualizacao":"2026-03-19T10:35:30.715881-03:00","ip":"131.161.209.8","ultima_edicao":"2026-03-19T10:35:29.718691-03:00","tipo":14,"regime_tramitacao":3,"tipo_origem_externa":null,"local_origem_externa":null,"user":3,"anexadas":[],"autores":[73]}