{"id":3943,"__str__":"Requerimento n\u00ba 554 de 2025","link_detail_backend":"/materia/3943","metadata":{"signs":{"texto_original":{"admin":[],"autores":[["Agnielde Benici Adorno",["2025-10-08T10:37:04-04:00","ICP-Brasil - Certificado PF A1"]],["Alessandra Varelo de Brito",["2025-10-08T10:39:53-04:00","ICP-Brasil - Certificado PF A1"]],["Braz Carlos Correia",["2025-10-08T10:40:45-04:00","ICP-Brasil - Certificado PF A1"]],["Eber Lopes Reis",["2025-10-08T10:45:17-04:00","ICP-Brasil - Certificado PF A1"]],["Elias Andrade de Lima",["2025-10-08T10:41:34-04:00","ICP-Brasil - Certificado PF A1"]],["Geferson dos Santos",["2025-10-08T10:38:14-04:00","ICP-Brasil - Certificado PF A1"]],["Hermes Bordignon",["2025-10-08T10:42:28-04:00","ICP-Brasil - Certificado PF A1"]],["Marcio Domingos dos Santos",["2025-10-08T10:43:22-04:00","ICP-Brasil - Certificado PF A1"]],["Marcio Souza Magalhaes",["2025-10-08T10:46:33-04:00","ICP-Brasil - Certificado PF A1"]],["Ozias Alves dos Santos",["2025-10-08T10:44:19-04:00","ICP-Brasil - Certificado PF A1"]]]}}},"numero":554,"ano":2025,"numero_protocolo":662,"data_apresentacao":"2025-10-03","tipo_apresentacao":"E","data_publicacao":null,"numero_origem_externa":"","ano_origem_externa":null,"data_origem_externa":null,"apelido":"","dias_prazo":null,"data_fim_prazo":null,"em_tramitacao":false,"polemica":false,"objeto":"","complementar":false,"ementa":"Requer junto Secretaria Municipal de Educa\u00e7\u00e3o instala\u00e7\u00e3o de c\u00e2meras de seguran\u00e7a nas salas de aula das escolas municipais, com o objetivo de garantir maior seguran\u00e7a aos alunos, professores e demais servidores","indexacao":"","observacao":"A instala\u00e7\u00e3o de c\u00e2meras de seguran\u00e7a nas salas de aula visa ampliar a prote\u00e7\u00e3o e a tranquilidade no ambiente escolar, prevenindo ocorr\u00eancias que possam comprometer o bom andamento das atividades educacionais. Al\u00e9m disso, trata-se de uma medida que contribui para o acompanhamento das condi\u00e7\u00f5es de ensino e para a seguran\u00e7a de toda a comunidade escolar. Conto com a colabora\u00e7\u00e3o de todos os nobres vereadores.","resultado":"","texto_original":"http://sapl.saofranciscodoguapore.ro.leg.br/media/sapl/public/materialegislativa/2025/3943/requerimento_no.554-2025-agnielde.pdf","data_ultima_atualizacao":"2026-03-19T10:34:44.741103-03:00","ip":"131.161.209.8","ultima_edicao":"2026-03-19T10:34:43.878710-03:00","tipo":14,"regime_tramitacao":3,"tipo_origem_externa":null,"local_origem_externa":null,"user":3,"anexadas":[],"autores":[70]}