{"id":3939,"__str__":"Requerimento n\u00ba 551 de 2025","link_detail_backend":"/materia/3939","metadata":{"signs":{"texto_original":{"admin":[],"autores":[["Agnielde Benici Adorno",["2025-10-08T10:18:12-04:00","ICP-Brasil - Certificado PF A1"]],["Alessandra Varelo de Brito",["2025-10-08T10:16:54-04:00","ICP-Brasil - Certificado PF A1"]],["Braz Carlos Correia",["2025-10-08T10:20:09-04:00","ICP-Brasil - Certificado PF A1"]],["Eber Lopes Reis",["2025-10-08T10:30:10-04:00","ICP-Brasil - Certificado PF A1"]],["Elias Andrade de Lima",["2025-10-08T10:21:26-04:00","ICP-Brasil - Certificado PF A1"]],["Geferson dos Santos",["2025-10-08T10:15:20-04:00","ICP-Brasil - Certificado PF A1"]],["Hermes Bordignon",["2025-10-08T10:24:28-04:00","ICP-Brasil - Certificado PF A1"]],["Marcio Domingos dos Santos",["2025-10-08T10:14:04-04:00","ICP-Brasil - Certificado PF A1"]],["Marcio Souza Magalhaes",["2025-10-08T10:33:18-04:00","ICP-Brasil - Certificado PF A1"]],["Ozias Alves dos Santos",["2025-10-08T10:28:01-04:00","ICP-Brasil - Certificado PF A1"]]]}}},"numero":551,"ano":2025,"numero_protocolo":657,"data_apresentacao":"2025-10-02","tipo_apresentacao":"E","data_publicacao":null,"numero_origem_externa":"","ano_origem_externa":null,"data_origem_externa":null,"apelido":"","dias_prazo":null,"data_fim_prazo":null,"em_tramitacao":false,"polemica":false,"objeto":"","complementar":false,"ementa":"Requer a confec\u00e7\u00e3o de um bolo comemorativo de 29 metros em homenagem ao anivers\u00e1rio de S\u00e3o Francisco","indexacao":"","observacao":"O Munic\u00edpio de S\u00e3o Francisco do Guapor\u00e9 foi criado pela Lei Estadual n\u00ba 644, de 27 de dezembro de 1995, com \u00e1rea desmembrada dos munic\u00edpios de Costa Marques e Seringueiras. Desde ent\u00e3o, vem construindo sua pr\u00f3pria hist\u00f3ria, com crescimento econ\u00f4mico, social e cultural que merece ser valorizado e celebrado.\r\nNo ano de 2025, S\u00e3o Francisco do Guapor\u00e9 completa 29 anos de emancipa\u00e7\u00e3o pol\u00edtica. A confec\u00e7\u00e3o de um bolo comemorativo com 29 metros, representando cada ano de exist\u00eancia, \u00e9 uma forma simb\u00f3lica de homenagear a cidade e proporcionar \u00e0 popula\u00e7\u00e3o um momento de confraterniza\u00e7\u00e3o, integra\u00e7\u00e3o comunit\u00e1ria e fortalecimento do sentimento de pertencimento e orgulho municipal.\r\nTrata-se de um gesto simples, mas de grande valor afetivo e cultural, que refor\u00e7a a identidade de nosso povo e valoriza a hist\u00f3ria de emancipa\u00e7\u00e3o deste munic\u00edpio querido.","resultado":"","texto_original":"http://sapl.saofranciscodoguapore.ro.leg.br/media/sapl/public/materialegislativa/2025/3939/requerimento_no.551-2025-marcio_assinado.pdf","data_ultima_atualizacao":"2026-03-19T10:33:50.989891-03:00","ip":"131.161.209.8","ultima_edicao":"2026-03-19T10:33:50.068565-03:00","tipo":14,"regime_tramitacao":3,"tipo_origem_externa":null,"local_origem_externa":null,"user":3,"anexadas":[],"autores":[71]}